{"id":1967,"date":"2025-06-27T22:46:10","date_gmt":"2025-06-28T02:46:10","guid":{"rendered":"https:\/\/elpueblo.com.do\/?p=1967"},"modified":"2025-06-27T22:46:11","modified_gmt":"2025-06-28T02:46:11","slug":"carolina-mejia-su-mirada-en-una-frontera-digna-de-la-continuidad-y-progreso-de-sus-proyectos","status":"publish","type":"post","link":"https:\/\/elpueblo.com.do\/actualidad\/carolina-mejia-su-mirada-en-una-frontera-digna-de-la-continuidad-y-progreso-de-sus-proyectos\/1967\/","title":{"rendered":"Carolina Mej\u00eda Su mirada en una frontera digna de la continuidad y progreso de sus proyectos."},"content":{"rendered":"\n<p>Con el paso de los d\u00edas, los temas nacionales acaparan la atenci\u00f3n ciudadana y con ello acrecienta la espectativa de un esfuerzo integral que propicie desarrollo. Atendiendo a esa realidad y con un enfoque aterrizado de los diversos aspectos y prioridades en nuestra naci\u00f3n. La Alcaldesa del Distrito Nacional ha dado un giro nacional en su liderazgo pol\u00edtico y puesto su mirada en la muy necesitada comunidad fronteriza.<\/p>\n\n\n\n<p>Hemos visto a la tambi\u00e9n secretaria general del PRM, mostrando desde el territorio, su apoyo a las iniciativas del gobierno de Luis Abinader. En torno a las obras de desarrollo en la frontera y de paso el esfuerzo por la seguridad nacional, el control de la migraci\u00f3n y todo cu\u00e1nto se puede producir en una frontera que como la nuestra, tiene de m\u00faltiples retos de presente y futuro.<\/p>\n\n\n\n<p>Pudimos ver los planteamientos en Cabo Rojo provincia Pedernales y el apoyo que desde tan lejano terru\u00f1o, proyectos que auguran grandes beneficios en toda la regi\u00f3n Enrriquillo y el pa\u00eds.<\/p>\n\n\n\n<p>Igual fuimos testigos de su recorrido por Dajab\u00f3n y llegando justo al muro fronterizo que construye el gobierno, c\u00f3mo parte de un programa tendente a garantizar ciertos controles en la l\u00ednea divisoria con nuestros vecinos m\u00e1s cercanos.<\/p>\n\n\n\n<p><em>Carolina Mej\u00eda<\/em> demuestra a\u00fan m\u00e1s su inter\u00e9s y vocaci\u00f3n hacia las reales necesidades de Rep\u00fablica Dominicana y de paso proyecta un liderazgo capaz de surcar espacios que por a\u00f1os representan un desaf\u00edo para la naci\u00f3n.<\/p>\n\n\n\n<p>Evidentemente con Ella se vislumbra un panorama interesante m\u00e1s all\u00e1 de su gran labor en el Distrito Nacional y el prop\u00f3sito cierto de representar en el breve tiempo la lucha por continuar el camino de una patria en via de desarrollo como la plantea nuestro presidente Luis Abinader.<\/p>\n\n\n\n<p>Por Huascar Casado Pujols <\/p>\n","protected":false},"excerpt":{"rendered":"<p>Con el paso de los d\u00edas, los temas nacionales acaparan la atenci\u00f3n ciudadana y con ello acrecienta la espectativa de un esfuerzo integral que propicie desarrollo. Atendiendo a esa realidad y con un enfoque aterrizado de los diversos aspectos y prioridades en nuestra naci\u00f3n. La Alcaldesa del Distrito Nacional ha dado un giro nacional en [&hellip;]<\/p>\n","protected":false},"author":1,"featured_media":1968,"comment_status":"open","ping_status":"open","sticky":false,"template":"","format":"standard","meta":{"footnotes":""},"categories":[32],"tags":[],"class_list":{"0":"post-1967","1":"post","2":"type-post","3":"status-publish","4":"format-standard","5":"has-post-thumbnail","7":"category-actualidad"},"_links":{"self":[{"href":"https:\/\/elpueblo.com.do\/api-json\/wp\/v2\/posts\/1967","targetHints":{"allow":["GET"]}}],"collection":[{"href":"https:\/\/elpueblo.com.do\/api-json\/wp\/v2\/posts"}],"about":[{"href":"https:\/\/elpueblo.com.do\/api-json\/wp\/v2\/types\/post"}],"author":[{"embeddable":true,"href":"https:\/\/elpueblo.com.do\/api-json\/wp\/v2\/users\/1"}],"replies":[{"embeddable":true,"href":"https:\/\/elpueblo.com.do\/api-json\/wp\/v2\/comments?post=1967"}],"version-history":[{"count":0,"href":"https:\/\/elpueblo.com.do\/api-json\/wp\/v2\/posts\/1967\/revisions"}],"wp:featuredmedia":[{"embeddable":true,"href":"https:\/\/elpueblo.com.do\/api-json\/wp\/v2\/media\/1968"}],"wp:attachment":[{"href":"https:\/\/elpueblo.com.do\/api-json\/wp\/v2\/media?parent=1967"}],"wp:term":[{"taxonomy":"category","embeddable":true,"href":"https:\/\/elpueblo.com.do\/api-json\/wp\/v2\/categories?post=1967"},{"taxonomy":"post_tag","embeddable":true,"href":"https:\/\/elpueblo.com.do\/api-json\/wp\/v2\/tags?post=1967"}],"curies":[{"name":"wp","href":"https:\/\/api.w.org\/{rel}","templated":true}]}}