{"id":1962,"date":"2025-06-26T15:41:19","date_gmt":"2025-06-26T19:41:19","guid":{"rendered":"https:\/\/elpueblo.com.do\/?p=1962"},"modified":"2025-06-26T15:41:20","modified_gmt":"2025-06-26T19:41:20","slug":"y-si-buscamos-una-solucion-a-quienes-piden-en-las-calles","status":"publish","type":"post","link":"https:\/\/elpueblo.com.do\/actualidad\/y-si-buscamos-una-solucion-a-quienes-piden-en-las-calles\/1962\/","title":{"rendered":"\u00bfY si buscamos una soluci\u00f3n a quienes piden en las calles?"},"content":{"rendered":"\n<p>Por Jeffri Mateo Alc\u00e1ntara<\/p>\n\n\n\n<p>Usted puede que no est\u00e9 de acuerdo conmigo, y est\u00e1 en todo su derecho. Pero hay una realidad que no podemos seguir ignorando: la cantidad creciente de personas pidiendo en las calles. Y no hablo con desprecio ni desde una posici\u00f3n de superioridad; lo hago desde la preocupaci\u00f3n y la intenci\u00f3n de proponer soluciones. Dios sabe que no es con mal coraz\u00f3n.<\/p>\n\n\n\n<p>Muchas veces uno sale a la calle con \u00e1nimo de servir, con el deseo de ayudar a quienes m\u00e1s lo necesitan. Sin embargo, si no se act\u00faa con prudencia y criterio, en una sola jornada podemos gastar m\u00e1s de 2,000 pesos entregando 50 o 100 pesos aqu\u00ed y all\u00e1. Y a\u00fan as\u00ed, sentimos que no hacemos diferencia.<\/p>\n\n\n\n<p>Es una situaci\u00f3n que ha ido escalando. No ser\u00eda de sorprender que pronto veamos la formaci\u00f3n de alg\u00fan tipo de sindicato de pedig\u00fce\u00f1os, como si pedir en la calle fuera una profesi\u00f3n m\u00e1s. Eso debe alarmarnos, no porque rechacemos la compasi\u00f3n, sino porque es se\u00f1al de un problema social m\u00e1s profundo.<\/p>\n\n\n\n<p>Sabemos que este gobierno ha implementado m\u00faltiples programas de ayuda social \u2014y hay que reconocerlo\u2014 muchos est\u00e1n funcionando. Desde el programa Sup\u00e9rate, hasta iniciativas de inclusi\u00f3n laboral, vivienda, educaci\u00f3n t\u00e9cnica y apoyo a madres solteras, el Estado est\u00e1 presente. Sin embargo, el tema de quienes viven exclusivamente de pedir sigue sin abordarse de forma integral.<\/p>\n\n\n\n<p>M\u00e1s preocupante a\u00fan es que, en varias ocasiones, me ha tocado ver personas con salud, energ\u00eda, e incluso m\u00e1s fuerza f\u00edsica que yo mismo, solicitando dinero en las esquinas. \u00bfC\u00f3mo es posible que alguien con capacidad de trabajar elija extender la mano antes que buscar una oportunidad? \u00bfSer\u00e1 por falta de orientaci\u00f3n? \u00bfSer\u00e1 por comodidad? \u00bfO simplemente porque ya vieron en eso un \u201cmodo de vida\u201d?<\/p>\n\n\n\n<p>Este es un llamado urgente: necesitamos una estrategia nacional para reinsertar a esas personas a la sociedad productiva. No solo por salud p\u00fablica o por orden social, sino por dignidad humana. No podemos permitir que ni\u00f1os, j\u00f3venes y adultos sanos pasen su vida entre veh\u00edculos, recibiendo monedas y arriesgando su seguridad, mientras el pa\u00eds avanza en otras \u00e1reas.<\/p>\n\n\n\n<p>S\u00ed, sigamos siendo solidarios, pero tambi\u00e9n responsables. Ayudar no siempre significa dar dinero: puede significar orientar, denunciar redes de explotaci\u00f3n, apoyar programas de capacitaci\u00f3n o simplemente canalizar a esas personas hacia instituciones que pueden asistirles de manera m\u00e1s efectiva.<\/p>\n\n\n\n<p>Hagamos la diferencia, pero de manera estructurada, no emocional.<\/p>\n\n\n\n<p>Porque ayudar no es solo dar\u2026 es transformar.<\/p>\n","protected":false},"excerpt":{"rendered":"<p>Por Jeffri Mateo Alc\u00e1ntara Usted puede que no est\u00e9 de acuerdo conmigo, y est\u00e1 en todo su derecho. Pero hay una realidad que no podemos seguir ignorando: la cantidad creciente de personas pidiendo en las calles. Y no hablo con desprecio ni desde una posici\u00f3n de superioridad; lo hago desde la preocupaci\u00f3n y la intenci\u00f3n [&hellip;]<\/p>\n","protected":false},"author":6,"featured_media":1963,"comment_status":"open","ping_status":"open","sticky":false,"template":"","format":"standard","meta":{"footnotes":""},"categories":[32],"tags":[],"class_list":{"0":"post-1962","1":"post","2":"type-post","3":"status-publish","4":"format-standard","5":"has-post-thumbnail","7":"category-actualidad"},"_links":{"self":[{"href":"https:\/\/elpueblo.com.do\/api-json\/wp\/v2\/posts\/1962","targetHints":{"allow":["GET"]}}],"collection":[{"href":"https:\/\/elpueblo.com.do\/api-json\/wp\/v2\/posts"}],"about":[{"href":"https:\/\/elpueblo.com.do\/api-json\/wp\/v2\/types\/post"}],"author":[{"embeddable":true,"href":"https:\/\/elpueblo.com.do\/api-json\/wp\/v2\/users\/6"}],"replies":[{"embeddable":true,"href":"https:\/\/elpueblo.com.do\/api-json\/wp\/v2\/comments?post=1962"}],"version-history":[{"count":0,"href":"https:\/\/elpueblo.com.do\/api-json\/wp\/v2\/posts\/1962\/revisions"}],"wp:featuredmedia":[{"embeddable":true,"href":"https:\/\/elpueblo.com.do\/api-json\/wp\/v2\/media\/1963"}],"wp:attachment":[{"href":"https:\/\/elpueblo.com.do\/api-json\/wp\/v2\/media?parent=1962"}],"wp:term":[{"taxonomy":"category","embeddable":true,"href":"https:\/\/elpueblo.com.do\/api-json\/wp\/v2\/categories?post=1962"},{"taxonomy":"post_tag","embeddable":true,"href":"https:\/\/elpueblo.com.do\/api-json\/wp\/v2\/tags?post=1962"}],"curies":[{"name":"wp","href":"https:\/\/api.w.org\/{rel}","templated":true}]}}