{"id":1955,"date":"2025-06-25T10:13:56","date_gmt":"2025-06-25T14:13:56","guid":{"rendered":"https:\/\/elpueblo.com.do\/?p=1955"},"modified":"2025-06-25T10:13:58","modified_gmt":"2025-06-25T14:13:58","slug":"roberto-fulcar-reitera-su-coherencia-politica-afirma-no-tener-prisa-y-que-el-mapa-politico-se-recompondra","status":"publish","type":"post","link":"https:\/\/elpueblo.com.do\/actualidad\/roberto-fulcar-reitera-su-coherencia-politica-afirma-no-tener-prisa-y-que-el-mapa-politico-se-recompondra\/1955\/","title":{"rendered":"Roberto Fulcar reitera su coherencia pol\u00edtica, afirma no tener prisa y que el mapa pol\u00edtico se recompondr\u00e1"},"content":{"rendered":"\n<p><em>El excoordinador general de campa\u00f1a del PRM no se descarta como posible aspirante presidencial y reafirma su compromiso con la construcci\u00f3n del partido y la materializaci\u00f3n del buen gobierno.<\/em><\/p>\n\n\n\n<p>Santo Domingo, R.D. \u2014 El reconocido l\u00edder pol\u00edtico y educador, Dr. Roberto Fulcar, emiti\u00f3 este lunes un comunicado a trav\u00e9s de sus redes sociales en el que informa que no tiene compromiso alguno con aspirantes presidenciales, al tiempo que hace un llamado firme a la coherencia pol\u00edtica y al respeto de los plazos legales y estatutarios para iniciar la contienda por la candidatura presidencial en el Partido Revolucionario Moderno (PRM).<\/p>\n\n\n\n<p>Con su estilo sobrio pero firme, Fulcar expres\u00f3:<\/p>\n\n\n\n<p>\u201cMi equipo y yo vemos con claridad lo que viene. No tenemos prisa: este es tiempo de responsabilidad, la de construir un verdadero PRM y contribuir en serio al buen gobierno\u201d.<\/p>\n\n\n\n<p>En su declaraci\u00f3n p\u00fablica, el doctor Fulcar no se descarta como posible aspirante presidencial, dejando claro que su decisi\u00f3n llegar\u00e1 \u201cde cara al sol, con la firmeza y el coraje que nos caracterizan\u201d, y que llegado ese momento, \u00abse recompondr\u00e1 el mapa pol\u00edtico\u201d.<\/p>\n\n\n\n<p>Con el lema que ha identificado su trayectoria reciente \u2014#EstrategiaSinSaltos y #LiderazgoTrascendente\u2014 el exministro de Educaci\u00f3n plantea una visi\u00f3n de futuro anclada en los principios y la responsabilidad pol\u00edtica, alej\u00e1ndose de las pr\u00e1cticas de la vieja pol\u00edtica, \u201cesa de la que cansada est\u00e1 ya la sociedad de hoy\u201d.<\/p>\n\n\n\n<p><em>Un liderazgo clave en el PRM<\/em><\/p>\n\n\n\n<p>Roberto Fulcar es una de las figuras m\u00e1s influyentes del PRM. Su nombre es sin\u00f3nimo de estrategia, lealtad y trabajo territorial. Fue el coordinador general de la campa\u00f1a presidencial que llev\u00f3 a Luis Abinader al poder en 2020, siendo pieza central en el dise\u00f1o y ejecuci\u00f3n de una estrategia pol\u00edtica que permiti\u00f3 al partido alcanzar la victoria electoral m\u00e1s importante de su historia.<\/p>\n\n\n\n<p>Su liderazgo ha sido validado no solo en los espacios de decisi\u00f3n del partido, sino tambi\u00e9n en las bases del PRM, donde mantiene una conexi\u00f3n constante a trav\u00e9s de encuentros, actividades, visitas y apoyo directo a dirigentes en todo el territorio nacional. Fulcar ha demostrado tener una estructura pol\u00edtica s\u00f3lida y militante, que lo convierte en un actor decisivo en cualquier escenario pol\u00edtico que enfrente el partido.<\/p>\n\n\n\n<p>Se le reconoce, adem\u00e1s, al educador ser un estudioso de grandes temas de la agenda del presente y el futuro, como su concepto de Liderazgo Trascendente, su paradigma Educaci\u00f3n para Vivir Mejor, sus reflexiones sobre el futuro, la Gesti\u00f3n del siglo XXI y la pol\u00edtica con sentido. Estas tem\u00e1ticas le han llevado a impartir conferencias en distintas provincias del pa\u00eds como en diversos pa\u00edses. Esta declaraci\u00f3n de su postura sobre las campa\u00f1as a destiempo y sale al frente a rumores puestos a circular sobre supuestos acuerdos con aspirantes del PRM.<\/p>\n\n\n\n<p>El comunicado ha sido interpretado como un mensaje de serenidad estrat\u00e9gica, enfocado en consolidar al PRM como una organizaci\u00f3n moderna, institucional y comprometida con el desarrollo del pa\u00eds, en lugar de precipitar una carrera electoral anticipada.<\/p>\n\n\n\n<p>Fulcar concluye su comunicado con una frase contundente que reafirma su presencia pol\u00edtica y su compromiso con las grandes causas nacionales:<\/p>\n\n\n\n<p>\u201cSoy Roberto Fulcar y aqu\u00ed estamos: \u00a1Pa\u2019 las que sean!\u201d<\/p>\n","protected":false},"excerpt":{"rendered":"<p>El excoordinador general de campa\u00f1a del PRM no se descarta como posible aspirante presidencial y reafirma su compromiso con la construcci\u00f3n del partido y la materializaci\u00f3n del buen gobierno. Santo Domingo, R.D. \u2014 El reconocido l\u00edder pol\u00edtico y educador, Dr. Roberto Fulcar, emiti\u00f3 este lunes un comunicado a trav\u00e9s de sus redes sociales en el [&hellip;]<\/p>\n","protected":false},"author":6,"featured_media":1957,"comment_status":"open","ping_status":"open","sticky":false,"template":"","format":"standard","meta":{"footnotes":""},"categories":[32],"tags":[],"class_list":{"0":"post-1955","1":"post","2":"type-post","3":"status-publish","4":"format-standard","5":"has-post-thumbnail","7":"category-actualidad"},"_links":{"self":[{"href":"https:\/\/elpueblo.com.do\/api-json\/wp\/v2\/posts\/1955","targetHints":{"allow":["GET"]}}],"collection":[{"href":"https:\/\/elpueblo.com.do\/api-json\/wp\/v2\/posts"}],"about":[{"href":"https:\/\/elpueblo.com.do\/api-json\/wp\/v2\/types\/post"}],"author":[{"embeddable":true,"href":"https:\/\/elpueblo.com.do\/api-json\/wp\/v2\/users\/6"}],"replies":[{"embeddable":true,"href":"https:\/\/elpueblo.com.do\/api-json\/wp\/v2\/comments?post=1955"}],"version-history":[{"count":0,"href":"https:\/\/elpueblo.com.do\/api-json\/wp\/v2\/posts\/1955\/revisions"}],"wp:featuredmedia":[{"embeddable":true,"href":"https:\/\/elpueblo.com.do\/api-json\/wp\/v2\/media\/1957"}],"wp:attachment":[{"href":"https:\/\/elpueblo.com.do\/api-json\/wp\/v2\/media?parent=1955"}],"wp:term":[{"taxonomy":"category","embeddable":true,"href":"https:\/\/elpueblo.com.do\/api-json\/wp\/v2\/categories?post=1955"},{"taxonomy":"post_tag","embeddable":true,"href":"https:\/\/elpueblo.com.do\/api-json\/wp\/v2\/tags?post=1955"}],"curies":[{"name":"wp","href":"https:\/\/api.w.org\/{rel}","templated":true}]}}