{"id":1953,"date":"2025-06-25T10:06:31","date_gmt":"2025-06-25T14:06:31","guid":{"rendered":"https:\/\/elpueblo.com.do\/?p=1953"},"modified":"2025-06-25T10:06:32","modified_gmt":"2025-06-25T14:06:32","slug":"senado-aprueba-en-segunda-lectura-proyecto-que-declara-el-25-de-octubre-dia-nacional-del-cooperativismo","status":"publish","type":"post","link":"https:\/\/elpueblo.com.do\/actualidad\/senado-aprueba-en-segunda-lectura-proyecto-que-declara-el-25-de-octubre-dia-nacional-del-cooperativismo\/1953\/","title":{"rendered":"Senado aprueba en segunda lectura, proyecto que declara el 25 de octubre \u201cD\u00eda Nacional del Cooperativismo\u201d"},"content":{"rendered":"\n<ul class=\"wp-block-list\">\n<li><em>La iniciativa, sometida por el senador Julito Fulcar (Peravia), l\u00edder del cooperativismo dominicano y presidente ad vitam del CONACOOP, aprobada en la camara alta y ahora pasa a la C\u00e1mara de Diputados.<\/em><\/li>\n<\/ul>\n\n\n\n<p><em>Santo Domingo.-<\/em> El Senado de la Rep\u00fablica Dominicana aprob\u00f3 en segunda lectura el proyecto de ley que declara el 25 de octubre de cada a\u00f1o como \u201cD\u00eda Nacional del Cooperativismo Dominicano\u201d, atendiendo a una propuesta del senador Julito Fulcar, representante de la provincia Peravia y figura emblem\u00e1tica del movimiento cooperativo nacional.<\/p>\n\n\n\n<p>\u201cEl cooperativismo dominicano ha demostrado ser un motor de inclusi\u00f3n financiera, desarrollo comunitario y construcci\u00f3n de ciudadan\u00eda. Convertir el 25 de octubre en una efem\u00e9ride nacional refuerza la identidad de m\u00e1s de dos millones de cooperativistas y reconoce su aporte al desarrollo econ\u00f3mico y social del pa\u00eds\u201d, expres\u00f3 el senador Fulcar al motivar la iniciativa ante el pleno.<\/p>\n\n\n\n<p>El proyecto fue sometido considerando que las cooperativas son organizaciones socio econ\u00f3micas que act\u00faan apegadas a los principios de transparencia en el manejo de los recursos econ\u00f3micos y financieros de los socios, igualdad de oportunidades, responsabilidad social, participaci\u00f3n ciudadana y solidaridad.<\/p>\n\n\n\n<p>Durante la sesi\u00f3n legislativa, los senadores acogieron la pieza con el objetivo de otorgar rango de ley a una fecha que ya se conmemora por decreto desde 1998 y que guarda relaci\u00f3n hist\u00f3rica con la promulgaci\u00f3n, el 25 de octubre de 1963, de la Ley 31-63 que cre\u00f3 el Instituto de Desarrollo y Cr\u00e9dito Cooperativo (IDECOOP).<\/p>\n\n\n\n<p>En su considerando cuarto, se\u00f1ala que, seg\u00fan el texto constitucional, el Estado debe dar promoci\u00f3n a las iniciativas econ\u00f3micas populares, que como las cooperativas contribuyen al desarrollo de la micro, peque\u00f1a y mediana empresa, el trabajo comunitario, el ahorro y el consumo, as\u00ed como acceder al financiamiento en favor de la poblaci\u00f3n dominicana.<\/p>\n\n\n\n<p>El objeto de esta iniciativa es declarar el 25 de octubre de cada a\u00f1o, como D\u00eda del Cooperativismo en la Rep\u00fablica Dominicana, con \u00e1mbito de aplicaci\u00f3n en todo el territorio nacional, para la promoci\u00f3n del cooperativismo a trav\u00e9s del Instituto de Desarrollo y Cr\u00e9dito Cooperativo Dominicano.<\/p>\n\n\n\n<p>El referido proyecto se\u00f1ala que el cooperativismo es un movimiento social que tiene su origen en Europa durante el siglo XIX, junto con otros movimientos sociales que cuestionaban la l\u00f3gica de funcionamiento y la desigualdad generada por el sistema capitalista. Emparentado con otros movimientos surgidos de los sectores oprimidos, el cooperativismo se sustent\u00f3 sobre la base de tradiciones comunales de socializaci\u00f3n del trabajo y la producci\u00f3n, y en los ideales de los pensadores.<\/p>\n\n\n\n<p>La aprobaci\u00f3n de la iniciativa se hace en consonancia con el 2025, declarado por la ONU como A\u00f1o Internacional de las Cooperativas, lo que refuerza la proyecci\u00f3n global del sector dominicano.<\/p>\n\n\n\n<p>A partir de la promulgaci\u00f3n de la misma, se realizar\u00e1n durante el mes de octubre actividades festivas de promoci\u00f3n en coordinaci\u00f3n con las asociaciones de cooperativas.<\/p>\n\n\n\n<p><em>Comunicaciones Oficina Senatorial provincia Peravia<\/em><\/p>\n","protected":false},"excerpt":{"rendered":"<p>Santo Domingo.- El Senado de la Rep\u00fablica Dominicana aprob\u00f3 en segunda lectura el proyecto de ley que declara el 25 de octubre de cada a\u00f1o como \u201cD\u00eda Nacional del Cooperativismo Dominicano\u201d, atendiendo a una propuesta del senador Julito Fulcar, representante de la provincia Peravia y figura emblem\u00e1tica del movimiento cooperativo nacional. \u201cEl cooperativismo dominicano ha [&hellip;]<\/p>\n","protected":false},"author":6,"featured_media":1921,"comment_status":"open","ping_status":"open","sticky":false,"template":"","format":"standard","meta":{"footnotes":""},"categories":[32],"tags":[],"class_list":{"0":"post-1953","1":"post","2":"type-post","3":"status-publish","4":"format-standard","5":"has-post-thumbnail","7":"category-actualidad"},"_links":{"self":[{"href":"https:\/\/elpueblo.com.do\/api-json\/wp\/v2\/posts\/1953","targetHints":{"allow":["GET"]}}],"collection":[{"href":"https:\/\/elpueblo.com.do\/api-json\/wp\/v2\/posts"}],"about":[{"href":"https:\/\/elpueblo.com.do\/api-json\/wp\/v2\/types\/post"}],"author":[{"embeddable":true,"href":"https:\/\/elpueblo.com.do\/api-json\/wp\/v2\/users\/6"}],"replies":[{"embeddable":true,"href":"https:\/\/elpueblo.com.do\/api-json\/wp\/v2\/comments?post=1953"}],"version-history":[{"count":0,"href":"https:\/\/elpueblo.com.do\/api-json\/wp\/v2\/posts\/1953\/revisions"}],"wp:featuredmedia":[{"embeddable":true,"href":"https:\/\/elpueblo.com.do\/api-json\/wp\/v2\/media\/1921"}],"wp:attachment":[{"href":"https:\/\/elpueblo.com.do\/api-json\/wp\/v2\/media?parent=1953"}],"wp:term":[{"taxonomy":"category","embeddable":true,"href":"https:\/\/elpueblo.com.do\/api-json\/wp\/v2\/categories?post=1953"},{"taxonomy":"post_tag","embeddable":true,"href":"https:\/\/elpueblo.com.do\/api-json\/wp\/v2\/tags?post=1953"}],"curies":[{"name":"wp","href":"https:\/\/api.w.org\/{rel}","templated":true}]}}