{"id":1927,"date":"2025-06-10T11:29:14","date_gmt":"2025-06-10T15:29:14","guid":{"rendered":"https:\/\/elpueblo.com.do\/?p=1927"},"modified":"2025-06-10T11:29:15","modified_gmt":"2025-06-10T15:29:15","slug":"roberto-fulcar-interpone-querella-por-difamacion-e-injuria-contra-angel-martinez","status":"publish","type":"post","link":"https:\/\/elpueblo.com.do\/actualidad\/roberto-fulcar-interpone-querella-por-difamacion-e-injuria-contra-angel-martinez\/1927\/","title":{"rendered":"Roberto Fulcar interpone querella por difamaci\u00f3n e injuria contra \u00c1ngel Mart\u00ednez"},"content":{"rendered":"\n<p><em>El imputado asegur\u00f3 haber visto a Fulcar en una sala de interrogatorios de la DEA en La Florida, justo en el momento en que este se somet\u00eda a una cirug\u00eda en un hospital de Boston.<\/em><\/p>\n\n\n\n<p><em>Santo Domingo, R.D.<\/em> \u2013 El dirigente pol\u00edtico, educador y consultor, doctor Roberto Fulcar Encarnaci\u00f3n, interpuso formalmente una querella con constituci\u00f3n en actor civil ante la Procuradur\u00eda Fiscal del Distrito Nacional en contra del se\u00f1or \u00c1ngel Mart\u00ednez, conductor del canal de YouTube \u201cDetective \u00c1ngel\u201d, por la difusi\u00f3n reiterada de informaciones difamatorias, injuriosas y carentes de veracidad.<\/p>\n\n\n\n<p>Desde mediados del mes de diciembre del a\u00f1o 2022 hasta la fecha, \u00c1ngel Mart\u00ednez ha sostenido una campa\u00f1a de descr\u00e9dito contra el doctor Fulcar a trav\u00e9s de su canal de YouTube y redes sociales, acus\u00e1ndolo sin pruebas de haber recibido dinero del narcotr\u00e1fico, de estar implicado en investigaciones por parte de agencias estadounidenses y de haber delatado a figuras pol\u00edticas y gubernamentales dominicanas.<\/p>\n\n\n\n<p>Particularmente, en una transmisi\u00f3n del 17 de diciembre de 2022, Mart\u00ednez afirm\u00f3 que Fulcar recibi\u00f3 presuntamente 150 millones de d\u00f3lares del narcotr\u00e1fico y que sostuvo reuniones con fiscales de la DEA para cooperar con investigaciones en curso. En el mismo contenido, mencion\u00f3 supuestos sobornos entregados \u2014en presencia de Fulcar\u2014 por figuras actualmente detenidas en Estados Unidos a pol\u00edticos del pa\u00eds. Adem\u00e1s, utiliz\u00f3 expresiones degradantes y ofensivas para referirse al exministro de Educaci\u00f3n, atentando contra su dignidad, honor, imagen y moral.<\/p>\n\n\n\n<p>En la querella, el doctor Fulcar se\u00f1ala que tales declaraciones son absolutamente falsas, carentes de sustento y han generado un profundo da\u00f1o a su imagen personal, su integridad profesional y su entorno familiar y social, motivando as\u00ed la acci\u00f3n legal.<\/p>\n\n\n\n<p>La instancia presentada por el pasado coordinador general de campa\u00f1a del presidente Luis Abinader est\u00e1 respaldada por testimonios de ciudadanos que confirman el impacto p\u00fablico negativo de las declaraciones, as\u00ed como por pruebas m\u00e9dicas que certifican que el viaje del Dr. Fulcar a Estados Unidos respondi\u00f3 estrictamente a razones de salud, descartando cualquier otra intenci\u00f3n oculta o v\u00ednculo con procesos judiciales en ese pa\u00eds.<\/p>\n\n\n\n<p>Entre las pruebas depositadas figuran:<\/p>\n\n\n\n<p>\u2022 Historia cl\u00ednica del Dr. Roberto Fulcar, emitida por m\u00e9dicos en Rep\u00fablica Dominicana y en Estados Unidos.<br>\u2022 Testimonios de ciudadanos que dan cuenta del alcance y la percepci\u00f3n p\u00fablica de las declaraciones difamatorias.<br>\u2022 Evaluaciones m\u00e9dicas del Massachusetts General Hospital y otros centros de salud en Boston, Massachusetts.<\/p>\n\n\n\n<p>En virtud de estos hechos, se solicita a las autoridades competentes la apertura formal del proceso penal contra \u00c1ngel Mart\u00ednez, as\u00ed como la imposici\u00f3n de medidas de coerci\u00f3n y la persecuci\u00f3n judicial por los delitos de difamaci\u00f3n e injuria, conforme al marco legal vigente.<\/p>\n\n\n\n<p>El doctor Roberto Fulcar reiter\u00f3 su compromiso con la verdad, el debido proceso y el respeto a los derechos fundamentales, al tiempo que expres\u00f3 su esperanza de que este caso siente un precedente frente al uso irresponsable de las plataformas digitales para la propagaci\u00f3n de falsedades con fines de descr\u00e9dito personal y pol\u00edtico.<\/p>\n\n\n\n<p>El equipo de abogados representantes de Roberto Fulcar est\u00e1 integrado por Melania Ingrid Hidalgo Mart\u00ednez y Edwin Acosta.<\/p>\n","protected":false},"excerpt":{"rendered":"<p>El imputado asegur\u00f3 haber visto a Fulcar en una sala de interrogatorios de la DEA en La Florida, justo en el momento en que este se somet\u00eda a una cirug\u00eda en un hospital de Boston. Santo Domingo, R.D. \u2013 El dirigente pol\u00edtico, educador y consultor, doctor Roberto Fulcar Encarnaci\u00f3n, interpuso formalmente una querella con constituci\u00f3n [&hellip;]<\/p>\n","protected":false},"author":6,"featured_media":1928,"comment_status":"open","ping_status":"open","sticky":false,"template":"","format":"standard","meta":{"footnotes":""},"categories":[32],"tags":[],"class_list":{"0":"post-1927","1":"post","2":"type-post","3":"status-publish","4":"format-standard","5":"has-post-thumbnail","7":"category-actualidad"},"_links":{"self":[{"href":"https:\/\/elpueblo.com.do\/api-json\/wp\/v2\/posts\/1927","targetHints":{"allow":["GET"]}}],"collection":[{"href":"https:\/\/elpueblo.com.do\/api-json\/wp\/v2\/posts"}],"about":[{"href":"https:\/\/elpueblo.com.do\/api-json\/wp\/v2\/types\/post"}],"author":[{"embeddable":true,"href":"https:\/\/elpueblo.com.do\/api-json\/wp\/v2\/users\/6"}],"replies":[{"embeddable":true,"href":"https:\/\/elpueblo.com.do\/api-json\/wp\/v2\/comments?post=1927"}],"version-history":[{"count":0,"href":"https:\/\/elpueblo.com.do\/api-json\/wp\/v2\/posts\/1927\/revisions"}],"wp:featuredmedia":[{"embeddable":true,"href":"https:\/\/elpueblo.com.do\/api-json\/wp\/v2\/media\/1928"}],"wp:attachment":[{"href":"https:\/\/elpueblo.com.do\/api-json\/wp\/v2\/media?parent=1927"}],"wp:term":[{"taxonomy":"category","embeddable":true,"href":"https:\/\/elpueblo.com.do\/api-json\/wp\/v2\/categories?post=1927"},{"taxonomy":"post_tag","embeddable":true,"href":"https:\/\/elpueblo.com.do\/api-json\/wp\/v2\/tags?post=1927"}],"curies":[{"name":"wp","href":"https:\/\/api.w.org\/{rel}","templated":true}]}}