{"id":1924,"date":"2025-06-09T12:32:06","date_gmt":"2025-06-09T16:32:06","guid":{"rendered":"https:\/\/elpueblo.com.do\/?p=1924"},"modified":"2025-06-09T12:32:07","modified_gmt":"2025-06-09T16:32:07","slug":"senador-julito-fulcar-celebra-el-dia-de-las-madres-junto-a-miles-de-mujeres-de-peravia","status":"publish","type":"post","link":"https:\/\/elpueblo.com.do\/actualidad\/senador-julito-fulcar-celebra-el-dia-de-las-madres-junto-a-miles-de-mujeres-de-peravia\/1924\/","title":{"rendered":"Senador Julito Fulcar celebra el D\u00eda de las Madres junto a miles de mujeres de Peravia"},"content":{"rendered":"\n<p>Se obsequiaron desde electrodom\u00e9sticos hasta pasolas.<\/p>\n\n\n\n<p>Ban\u00ed, Peravia.\u2013 En un ambiente cargado de emoci\u00f3n, alegr\u00eda y reconocimiento, el senador por la provincia Peravia, Julito Fulcar, celebr\u00f3 por todo lo alto el D\u00eda de las Madres con actividades especiales en los tres municipios de la provincia, donde miles de madres fueron homenajeadas como las verdaderas protagonistas de cada hogar.<\/p>\n\n\n\n<p>Las celebraciones iniciaron el pasado viernes en el municipio de Matanzas, continuaron el s\u00e1bado en Nizao y culminaron este domingo con un acto masivo en Ban\u00ed, donde se vivi\u00f3 una jornada de amor, premios y gratitud.<\/p>\n\n\n\n<p>Durante los encuentros, que contaron con una masiva participaci\u00f3n, se rifaron decenas de electrodom\u00e9sticos como estufas, lavadoras, televisores, microondas, tanques de gas, as\u00ed como modernas pasolas y otros obsequios, como una forma de llevar alegr\u00eda a tantas mujeres que entregan su vida d\u00eda a d\u00eda por el bienestar de sus familias.<\/p>\n\n\n\n<p>El senador Fulcar, visiblemente emocionado, dedic\u00f3 palabras de afecto y admiraci\u00f3n a las madres presentes, a quienes defini\u00f3 como el pilar fundamental de la sociedad y el coraz\u00f3n de cada hogar.<\/p>\n\n\n\n<p>\u201cLas madres no se celebran solo un d\u00eda; madre se es todos los d\u00edas. Y por eso quisimos estar cerca de ustedes, abrazarlas, escucharlas y brindarles un momento de alegr\u00eda como muestra del profundo respeto y agradecimiento que les tenemos\u201d, expres\u00f3 el legislador.<\/p>\n\n\n\n<p>Agreg\u00f3 que, como representante de la provincia en el Senado de la Rep\u00fablica, continuar\u00e1 trabajando para promover pol\u00edticas p\u00fablicas que beneficien a las mujeres, especialmente a las madres jefas de hogar, y a las familias m\u00e1s vulnerables.<\/p>\n\n\n\n<p>Las madres asistentes agradecieron el gesto del senador, a quien recibieron con entusiasmo en cada municipio, reconociendo no solo el evento en s\u00ed, sino el acompa\u00f1amiento constante que ha mantenido con las comunidades.<\/p>\n\n\n\n<p>Con esta celebraci\u00f3n, Julito Fulcar reafirma su compromiso de seguir trabajando cerca de la gente, impulsando acciones que impacten positivamente a las familias de Peravia y fortaleciendo los lazos de solidaridad, cari\u00f1o y cercan\u00eda con su gente.<\/p>\n","protected":false},"excerpt":{"rendered":"<p>Se obsequiaron desde electrodom\u00e9sticos hasta pasolas. Ban\u00ed, Peravia.\u2013 En un ambiente cargado de emoci\u00f3n, alegr\u00eda y reconocimiento, el senador por la provincia Peravia, Julito Fulcar, celebr\u00f3 por todo lo alto el D\u00eda de las Madres con actividades especiales en los tres municipios de la provincia, donde miles de madres fueron homenajeadas como las verdaderas protagonistas [&hellip;]<\/p>\n","protected":false},"author":6,"featured_media":0,"comment_status":"open","ping_status":"open","sticky":false,"template":"","format":"standard","meta":{"footnotes":""},"categories":[32],"tags":[],"class_list":{"0":"post-1924","1":"post","2":"type-post","3":"status-publish","4":"format-standard","6":"category-actualidad"},"_links":{"self":[{"href":"https:\/\/elpueblo.com.do\/api-json\/wp\/v2\/posts\/1924","targetHints":{"allow":["GET"]}}],"collection":[{"href":"https:\/\/elpueblo.com.do\/api-json\/wp\/v2\/posts"}],"about":[{"href":"https:\/\/elpueblo.com.do\/api-json\/wp\/v2\/types\/post"}],"author":[{"embeddable":true,"href":"https:\/\/elpueblo.com.do\/api-json\/wp\/v2\/users\/6"}],"replies":[{"embeddable":true,"href":"https:\/\/elpueblo.com.do\/api-json\/wp\/v2\/comments?post=1924"}],"version-history":[{"count":0,"href":"https:\/\/elpueblo.com.do\/api-json\/wp\/v2\/posts\/1924\/revisions"}],"wp:attachment":[{"href":"https:\/\/elpueblo.com.do\/api-json\/wp\/v2\/media?parent=1924"}],"wp:term":[{"taxonomy":"category","embeddable":true,"href":"https:\/\/elpueblo.com.do\/api-json\/wp\/v2\/categories?post=1924"},{"taxonomy":"post_tag","embeddable":true,"href":"https:\/\/elpueblo.com.do\/api-json\/wp\/v2\/tags?post=1924"}],"curies":[{"name":"wp","href":"https:\/\/api.w.org\/{rel}","templated":true}]}}