{"id":1916,"date":"2025-06-02T21:53:26","date_gmt":"2025-06-03T01:53:26","guid":{"rendered":"https:\/\/elpueblo.com.do\/?p=1916"},"modified":"2025-06-02T21:53:27","modified_gmt":"2025-06-03T01:53:27","slug":"develan-busto-de-francisco-gregorio-billini-en-liceo-de-bani","status":"publish","type":"post","link":"https:\/\/elpueblo.com.do\/actualidad\/develan-busto-de-francisco-gregorio-billini-en-liceo-de-bani\/1916\/","title":{"rendered":"Develan busto de Francisco Gregorio Billini en liceo de Ban\u00ed"},"content":{"rendered":"\n<p>La obra fue donada por el Senador de Peravia, Julito Fulcar, como homenaje al legado del ilustre educador y expresidente dominicano.<\/p>\n\n\n\n<p>Ban\u00ed, Peravia. \u2014 En un emotivo acto celebrado el pasado viernes, fue develado el busto del ilustre escritor y expresidente dominicano Francisco Gregorio Billini, en el liceo que lleva su nombre en el municipio de Ban\u00ed.<\/p>\n\n\n\n<p>La obra fue donada por la Oficina Senatorial de Peravia, bajo la direcci\u00f3n del senador Julito Fulcar, quien tambi\u00e9n es maestro de profesi\u00f3n.<\/p>\n\n\n\n<p>Durante la actividad, los directores de ambas tandas del centro educativo, Jos\u00e9 Dicen (matutina) y Alexandro Garc\u00eda (vespertina), resaltaron la importancia de esta iniciativa para fortalecer el sentido de identidad y pertenencia entre los estudiantes. Ambos agradecieron al senador Julito Fulcar por hacer posible la entrega del busto, as\u00ed como a la promoci\u00f3n 1978\u20131984, por ser parte en esta gesti\u00f3n.<\/p>\n\n\n\n<p>En su intervenci\u00f3n, el senador Fulcar expres\u00f3 su satisfacci\u00f3n por contribuir con una obra de este valor simb\u00f3lico para la comunidad educativa:<\/p>\n\n\n\n<p>\u201cEste busto no solo honra la memoria de Francisco Gregorio Billini, sino que servir\u00e1 como inspiraci\u00f3n permanente para los j\u00f3venes banilejos, record\u00e1ndoles que los valores y el servicio a la patria deben guiar nuestras acciones d\u00eda tras d\u00eda\u201d, manifest\u00f3 el legislador.<\/p>\n\n\n\n<p>Fulcar tambi\u00e9n destac\u00f3 las virtudes del homenajeado, resaltando su legado como hombre \u00edntegro, defensor de la democracia y comprometido con la educaci\u00f3n y el desarrollo social del pa\u00eds.<\/p>\n\n\n\n<p>\u00bfQui\u00e9n fue Francisco Gregorio Billini?<\/p>\n\n\n\n<p>Francisco Gregorio Billini fue un destacado escritor, educador, periodista, militar y pol\u00edtico dominicano. Naci\u00f3 en Santo Domingo en 1844 y fue presidente de la Rep\u00fablica en 1884. Es autor de la famosa novela \u201cBan\u00ed o Engracia y Anto\u00f1ita\u201d, considerada una de las obras m\u00e1s importantes del siglo XIX en la literatura dominicana. Billini es recordado por su integridad, su vocaci\u00f3n democr\u00e1tica y su profundo compromiso con la formaci\u00f3n del pueblo dominicano.<\/p>\n","protected":false},"excerpt":{"rendered":"<p>La obra fue donada por el Senador de Peravia, Julito Fulcar, como homenaje al legado del ilustre educador y expresidente dominicano. Ban\u00ed, Peravia. \u2014 En un emotivo acto celebrado el pasado viernes, fue develado el busto del ilustre escritor y expresidente dominicano Francisco Gregorio Billini, en el liceo que lleva su nombre en el municipio [&hellip;]<\/p>\n","protected":false},"author":6,"featured_media":1920,"comment_status":"open","ping_status":"open","sticky":false,"template":"","format":"standard","meta":{"footnotes":""},"categories":[32],"tags":[],"class_list":{"0":"post-1916","1":"post","2":"type-post","3":"status-publish","4":"format-standard","5":"has-post-thumbnail","7":"category-actualidad"},"_links":{"self":[{"href":"https:\/\/elpueblo.com.do\/api-json\/wp\/v2\/posts\/1916","targetHints":{"allow":["GET"]}}],"collection":[{"href":"https:\/\/elpueblo.com.do\/api-json\/wp\/v2\/posts"}],"about":[{"href":"https:\/\/elpueblo.com.do\/api-json\/wp\/v2\/types\/post"}],"author":[{"embeddable":true,"href":"https:\/\/elpueblo.com.do\/api-json\/wp\/v2\/users\/6"}],"replies":[{"embeddable":true,"href":"https:\/\/elpueblo.com.do\/api-json\/wp\/v2\/comments?post=1916"}],"version-history":[{"count":0,"href":"https:\/\/elpueblo.com.do\/api-json\/wp\/v2\/posts\/1916\/revisions"}],"wp:featuredmedia":[{"embeddable":true,"href":"https:\/\/elpueblo.com.do\/api-json\/wp\/v2\/media\/1920"}],"wp:attachment":[{"href":"https:\/\/elpueblo.com.do\/api-json\/wp\/v2\/media?parent=1916"}],"wp:term":[{"taxonomy":"category","embeddable":true,"href":"https:\/\/elpueblo.com.do\/api-json\/wp\/v2\/categories?post=1916"},{"taxonomy":"post_tag","embeddable":true,"href":"https:\/\/elpueblo.com.do\/api-json\/wp\/v2\/tags?post=1916"}],"curies":[{"name":"wp","href":"https:\/\/api.w.org\/{rel}","templated":true}]}}