{"id":1905,"date":"2025-05-18T17:45:55","date_gmt":"2025-05-18T21:45:55","guid":{"rendered":"https:\/\/elpueblo.com.do\/?p=1905"},"modified":"2025-05-18T17:45:56","modified_gmt":"2025-05-18T21:45:56","slug":"paul-almanzar-hued-se-consolida-como-figura-importante-en-el-proyecto-presidencial-de-carolina-mejia-en-la-provincia-santo-domingo","status":"publish","type":"post","link":"https:\/\/elpueblo.com.do\/actualidad\/paul-almanzar-hued-se-consolida-como-figura-importante-en-el-proyecto-presidencial-de-carolina-mejia-en-la-provincia-santo-domingo\/1905\/","title":{"rendered":"Paul Alm\u00e1nzar Hued se consolida como figura importante en el proyecto presidencial de Carolina Mej\u00eda en la provincia Santo Domingo"},"content":{"rendered":"\n<p>Santo Domingo. \u2013 El director ejecutivo de la Industria Nacional de la Aguja (INAGUJA), Paul Alm\u00e1nzar Hued, se perfila como una de las figuras estrat\u00e9gicas dentro de la provincia Santo Domingo en torno al proyecto pol\u00edtico que encabeza la alcaldesa del Distrito Nacional, Carolina Mej\u00eda, con miras al proceso electoral de 2028.<\/p>\n\n\n\n<p>Aunque la eventual candidatura de Mej\u00eda no ha sido formalmente anunciada, en el escenario pol\u00edtico nacional toma fuerza la percepci\u00f3n de que su liderazgo dentro del Partido Revolucionario Moderno (PRM) est\u00e1 en expansi\u00f3n. En ese contexto, la estructura que se est\u00e1 conformando en la provincia Santo Domingo cuenta con la participaci\u00f3n activa de Alm\u00e1nzar Hued, quien ha venido desarrollando una agenda pol\u00edtica y territorial alineada con ese proyecto presidencial.<\/p>\n\n\n\n<p>Se trata de una labor articulada en comunidades, sectores productivos y liderazgos locales, desde donde ha promovido los principios de cercan\u00eda, confianza y compromiso que identifican el estilo de liderazgo de Carolina Mej\u00eda.<\/p>\n\n\n\n<p>Alm\u00e1nzar Hued ha sido enf\u00e1tico en su valoraci\u00f3n de la alcaldesa del Distrito Nacional, a quien ha descrito como una dirigente que inspira y construye con sensibilidad social. En una reciente publicaci\u00f3n, se\u00f1al\u00f3:<br>\u201cCarolina Mej\u00eda es una l\u00edder cercana, generadora de confianza, v\u00ednculo y garant\u00eda. Es inspiraci\u00f3n para todos los que la conocemos, incluyendo a mis hijos. Gracias, Carolina, por seguir demostrando con hechos que la pol\u00edtica puede hacerse con el coraz\u00f3n.\u201d<\/p>\n\n\n\n<p>En un contexto donde el PRM eval\u00faa posibles figuras presidenciables para el 2028, el trabajo temprano de Alm\u00e1nzar Hued en Santo Domingo lo ubica como uno de los principales articuladores en el terreno. Su enfoque ha sido constante y organizado, con una estrategia que prioriza el v\u00ednculo con la ciudadan\u00eda y la promoci\u00f3n de liderazgos j\u00f3venes comprometidos con una nueva forma de hacer pol\u00edtica.<\/p>\n\n\n\n<p>A medida que se aproxima el pr\u00f3ximo ciclo electoral, la figura de Paul Alm\u00e1nzar Hued se posiciona con mayor fuerza dentro del mapa pol\u00edtico de la provincia, consolidando su papel en el equipo que busca llevar a Carolina Mej\u00eda a nuevas responsabilidades nacionales.<\/p>\n","protected":false},"excerpt":{"rendered":"<p>Santo Domingo. \u2013 El director ejecutivo de la Industria Nacional de la Aguja (INAGUJA), Paul Alm\u00e1nzar Hued, se perfila como una de las figuras estrat\u00e9gicas dentro de la provincia Santo Domingo en torno al proyecto pol\u00edtico que encabeza la alcaldesa del Distrito Nacional, Carolina Mej\u00eda, con miras al proceso electoral de 2028. Aunque la eventual [&hellip;]<\/p>\n","protected":false},"author":6,"featured_media":1906,"comment_status":"open","ping_status":"open","sticky":false,"template":"","format":"standard","meta":{"footnotes":""},"categories":[32],"tags":[],"class_list":{"0":"post-1905","1":"post","2":"type-post","3":"status-publish","4":"format-standard","5":"has-post-thumbnail","7":"category-actualidad"},"_links":{"self":[{"href":"https:\/\/elpueblo.com.do\/api-json\/wp\/v2\/posts\/1905","targetHints":{"allow":["GET"]}}],"collection":[{"href":"https:\/\/elpueblo.com.do\/api-json\/wp\/v2\/posts"}],"about":[{"href":"https:\/\/elpueblo.com.do\/api-json\/wp\/v2\/types\/post"}],"author":[{"embeddable":true,"href":"https:\/\/elpueblo.com.do\/api-json\/wp\/v2\/users\/6"}],"replies":[{"embeddable":true,"href":"https:\/\/elpueblo.com.do\/api-json\/wp\/v2\/comments?post=1905"}],"version-history":[{"count":0,"href":"https:\/\/elpueblo.com.do\/api-json\/wp\/v2\/posts\/1905\/revisions"}],"wp:featuredmedia":[{"embeddable":true,"href":"https:\/\/elpueblo.com.do\/api-json\/wp\/v2\/media\/1906"}],"wp:attachment":[{"href":"https:\/\/elpueblo.com.do\/api-json\/wp\/v2\/media?parent=1905"}],"wp:term":[{"taxonomy":"category","embeddable":true,"href":"https:\/\/elpueblo.com.do\/api-json\/wp\/v2\/categories?post=1905"},{"taxonomy":"post_tag","embeddable":true,"href":"https:\/\/elpueblo.com.do\/api-json\/wp\/v2\/tags?post=1905"}],"curies":[{"name":"wp","href":"https:\/\/api.w.org\/{rel}","templated":true}]}}