{"id":1900,"date":"2025-05-16T17:39:42","date_gmt":"2025-05-16T21:39:42","guid":{"rendered":"https:\/\/elpueblo.com.do\/?p=1900"},"modified":"2025-05-16T17:39:43","modified_gmt":"2025-05-16T21:39:43","slug":"senador-julito-fulcar-presenta-plan-estrategico-de-desarrollo-sostenible-a-banilejos-residentes-en-santo-domingo","status":"publish","type":"post","link":"https:\/\/elpueblo.com.do\/actualidad\/senador-julito-fulcar-presenta-plan-estrategico-de-desarrollo-sostenible-a-banilejos-residentes-en-santo-domingo\/1900\/","title":{"rendered":"Senador Julito Fulcar presenta Plan Estrat\u00e9gico de Desarrollo Sostenible a banilejos residentes en Santo Domingo"},"content":{"rendered":"\n<p>La iniciativa busca organizar, modernizar y proyectar el crecimiento integral de la provincia a trav\u00e9s de un modelo participativo y sostenible que trascienda gobiernos<\/p>\n\n\n\n<p>Santo Domingo, R.D.-En un acto trascendental para el porvenir de la provincia Peravia, el senador Julito Fulcar en coordinaci\u00f3n con la Alianza Banileja en Santo Domingo presentaron este jueves el Plan Estrat\u00e9gico de Desarrollo de la Provincia Peravia 2025-2055, una hoja de ruta que busca organizar, modernizar y proyectar el desarrollo integral de la provincia durante los pr\u00f3ximos 30 a\u00f1os.<br>En esta ocasi\u00f3n, la presentaci\u00f3n de la iniciativa impulsada por el senador Julito Fulcar, reuni\u00f3 a los principales l\u00edderes comunitarios, autoridades, empresarios, pol\u00edticos, representantes del sector productivo y miembros de la sociedad civil.<br>Durante sus palabras, el senador Fulcar destac\u00f3 que su m\u00e1s grande sue\u00f1o es dejar como legado a la provincia Peravia un instrumento que garantice la organizaci\u00f3n, planificaci\u00f3n y orientaci\u00f3n para su presente y futuro desarrollo. \u201cSo\u00f1ar es de inteligentes y aquel que no sue\u00f1a no tiene posibilidades de crecer\u201d, enfatiz\u00f3.<br>El legislador tambi\u00e9n revel\u00f3 que en la actualidad han podido recolectar al alrededor de 10 mil firmas plasmadas a fin de que este plan estrat\u00e9gico para la provincia, sea una realidad.<br>Adem\u00e1s, anunci\u00f3 que en los pr\u00f3ximos d\u00edas estar\u00e1n presentando dicho plan a los ciudadanos de la provincia Peravia residentes en los Estados Unidos.<br>\u201cRealizaremos dos grandes eventos, en New York y Boston para que nos den sus aportes y sus propuestas, as\u00ed como sus recomendaciones para que al final el plan sea la expresi\u00f3n de la m\u00e1s amplia voluntad popular del pueblo Peraviano\u201d, indic\u00f3.<br>Fulcar comunic\u00f3 que el plan ser\u00e1 presentado de manera oficial en noviembre de este a\u00f1o con la presencia del Presidente de la Rep\u00fablica, Luis Abinader. Adem\u00e1s, se espera que mediante las ordenanzas municipales, se convierta en una agenda estrat\u00e9gica oficial que trascienda en gestiones y gobiernos, guiando el desarrollo futuro de la provincia.<br>Por su parte, la gobernadora de la provincia Peravia, \u00c1ngela Yadira B\u00e1ez, enfatiz\u00f3 que: \u201cHablar de este plan estrat\u00e9gico es mirar lejos, como debimos haber hecho hace mucho tiempo. Este no es un encuentro casual, es fruto de muchas horas de trabajo de hombres y mujeres que creen en el potencial de Peravia.\u201d<br>De igual forma, Ana Herrera, presidenta de la Alianza Banileja, destac\u00f3 que: \u201cEl plan es el reflejo de una visi\u00f3n colectiva, participativa y articulada que busca una Peravia m\u00e1s pr\u00f3spera, m\u00e1s justa y m\u00e1s sostenible. El desarrollo no se impone: se construye juntos.\u201d<br>Como asesor del plan, Reynaldo Peguero, presidente del Plan Estrat\u00e9gico del Cibao, reafirm\u00f3 que este proyecto se incorporar\u00e1 como el Plan Estrat\u00e9gico n\u00famero 141 de Iberoam\u00e9rica, y ya cuenta con m\u00e1s de 10,000 firmas de respaldo ciudadano.<br>Actualmente, el plan se encuentra en fase de diagn\u00f3stico y se estructura sobre cuatro grandes ejes: Econom\u00eda, Salud e Inclusi\u00f3n Social, Gesti\u00f3n del Riesgo, Cultura y Ambiente.<br>Bajo estos pilares trabajan activamente 27 mesas tem\u00e1ticas con representaci\u00f3n de los tres municipios y los diez distritos municipales de la provincia Peravia.<\/p>\n","protected":false},"excerpt":{"rendered":"<p>La iniciativa busca organizar, modernizar y proyectar el crecimiento integral de la provincia a trav\u00e9s de un modelo participativo y sostenible que trascienda gobiernos Santo Domingo, R.D.-En un acto trascendental para el porvenir de la provincia Peravia, el senador Julito Fulcar en coordinaci\u00f3n con la Alianza Banileja en Santo Domingo presentaron este jueves el Plan [&hellip;]<\/p>\n","protected":false},"author":6,"featured_media":1903,"comment_status":"open","ping_status":"open","sticky":false,"template":"","format":"standard","meta":{"footnotes":""},"categories":[32],"tags":[],"class_list":{"0":"post-1900","1":"post","2":"type-post","3":"status-publish","4":"format-standard","5":"has-post-thumbnail","7":"category-actualidad"},"_links":{"self":[{"href":"https:\/\/elpueblo.com.do\/api-json\/wp\/v2\/posts\/1900","targetHints":{"allow":["GET"]}}],"collection":[{"href":"https:\/\/elpueblo.com.do\/api-json\/wp\/v2\/posts"}],"about":[{"href":"https:\/\/elpueblo.com.do\/api-json\/wp\/v2\/types\/post"}],"author":[{"embeddable":true,"href":"https:\/\/elpueblo.com.do\/api-json\/wp\/v2\/users\/6"}],"replies":[{"embeddable":true,"href":"https:\/\/elpueblo.com.do\/api-json\/wp\/v2\/comments?post=1900"}],"version-history":[{"count":0,"href":"https:\/\/elpueblo.com.do\/api-json\/wp\/v2\/posts\/1900\/revisions"}],"wp:featuredmedia":[{"embeddable":true,"href":"https:\/\/elpueblo.com.do\/api-json\/wp\/v2\/media\/1903"}],"wp:attachment":[{"href":"https:\/\/elpueblo.com.do\/api-json\/wp\/v2\/media?parent=1900"}],"wp:term":[{"taxonomy":"category","embeddable":true,"href":"https:\/\/elpueblo.com.do\/api-json\/wp\/v2\/categories?post=1900"},{"taxonomy":"post_tag","embeddable":true,"href":"https:\/\/elpueblo.com.do\/api-json\/wp\/v2\/tags?post=1900"}],"curies":[{"name":"wp","href":"https:\/\/api.w.org\/{rel}","templated":true}]}}