{"id":1895,"date":"2025-05-15T13:26:37","date_gmt":"2025-05-15T17:26:37","guid":{"rendered":"https:\/\/elpueblo.com.do\/?p=1895"},"modified":"2025-05-15T13:26:38","modified_gmt":"2025-05-15T17:26:38","slug":"senado-declara-a-bani-como-la-capital-del-mango-una-iniciativa-del-senador-julito-fulcar","status":"publish","type":"post","link":"https:\/\/elpueblo.com.do\/actualidad\/senado-declara-a-bani-como-la-capital-del-mango-una-iniciativa-del-senador-julito-fulcar\/1895\/","title":{"rendered":"Senado declara a Ban\u00ed como la Capital del Mango, una iniciativa del senador Julito Fulcar"},"content":{"rendered":"\n<p>Peravia, R.D. \u2013 El Senado de la Rep\u00fablica Dominicana aprob\u00f3 una ley que declara oficialmente a la ciudad de Ban\u00ed, cabecera de la provincia Peravia, como la Capital del Mango, gracias a la iniciativa sometida por el senador Julito Fulcar.<\/p>\n\n\n\n<p>El proyecto, impulsado por Fulcar, reconoce el rol protag\u00f3nico de Ban\u00ed en la producci\u00f3n, comercializaci\u00f3n y exportaci\u00f3n del mango dominicano, destacando que esta ciudad concentra m\u00e1s del 40% de la producci\u00f3n nacional y se ha consolidado como uno de los principales centros de cultivo en el Caribe.<\/p>\n\n\n\n<p>La ley establece que cada mes de junio se celebrar\u00e1n actividades culturales, comerciales y tur\u00edsticas para resaltar el valor del mango banilejo, en coordinaci\u00f3n con los ministerios de Agricultura, Turismo y Cultura, as\u00ed como los gobiernos locales de Peravia. Adem\u00e1s, se instruye la instalaci\u00f3n de se\u00f1alizaciones que identifiquen a Ban\u00ed como la Capital del Mango, y se prev\u00e9 financiamiento desde el presupuesto estatal para estas acciones.<\/p>\n\n\n\n<p>\u201cEl mango es m\u00e1s que una fruta: es s\u00edmbolo de identidad, motor de desarrollo y una oportunidad para impulsar el turismo agroindustrial de nuestra provincia\u201d, expres\u00f3 el senador Julito Fulcar al defender la iniciativa.<\/p>\n\n\n\n<p>Con esta legislaci\u00f3n, el Congreso no solo reconoce la riqueza agr\u00edcola de Ban\u00ed, sino que tambi\u00e9n fortalece su proyecci\u00f3n nacional e internacional como destino emblem\u00e1tico del mango dominicano.<\/p>\n","protected":false},"excerpt":{"rendered":"<p>Peravia, R.D. \u2013 El Senado de la Rep\u00fablica Dominicana aprob\u00f3 una ley que declara oficialmente a la ciudad de Ban\u00ed, cabecera de la provincia Peravia, como la Capital del Mango, gracias a la iniciativa sometida por el senador Julito Fulcar. El proyecto, impulsado por Fulcar, reconoce el rol protag\u00f3nico de Ban\u00ed en la producci\u00f3n, comercializaci\u00f3n [&hellip;]<\/p>\n","protected":false},"author":6,"featured_media":1898,"comment_status":"open","ping_status":"open","sticky":false,"template":"","format":"standard","meta":{"footnotes":""},"categories":[32],"tags":[],"class_list":{"0":"post-1895","1":"post","2":"type-post","3":"status-publish","4":"format-standard","5":"has-post-thumbnail","7":"category-actualidad"},"_links":{"self":[{"href":"https:\/\/elpueblo.com.do\/api-json\/wp\/v2\/posts\/1895","targetHints":{"allow":["GET"]}}],"collection":[{"href":"https:\/\/elpueblo.com.do\/api-json\/wp\/v2\/posts"}],"about":[{"href":"https:\/\/elpueblo.com.do\/api-json\/wp\/v2\/types\/post"}],"author":[{"embeddable":true,"href":"https:\/\/elpueblo.com.do\/api-json\/wp\/v2\/users\/6"}],"replies":[{"embeddable":true,"href":"https:\/\/elpueblo.com.do\/api-json\/wp\/v2\/comments?post=1895"}],"version-history":[{"count":0,"href":"https:\/\/elpueblo.com.do\/api-json\/wp\/v2\/posts\/1895\/revisions"}],"wp:featuredmedia":[{"embeddable":true,"href":"https:\/\/elpueblo.com.do\/api-json\/wp\/v2\/media\/1898"}],"wp:attachment":[{"href":"https:\/\/elpueblo.com.do\/api-json\/wp\/v2\/media?parent=1895"}],"wp:term":[{"taxonomy":"category","embeddable":true,"href":"https:\/\/elpueblo.com.do\/api-json\/wp\/v2\/categories?post=1895"},{"taxonomy":"post_tag","embeddable":true,"href":"https:\/\/elpueblo.com.do\/api-json\/wp\/v2\/tags?post=1895"}],"curies":[{"name":"wp","href":"https:\/\/api.w.org\/{rel}","templated":true}]}}