{"id":1892,"date":"2025-05-13T13:02:58","date_gmt":"2025-05-13T17:02:58","guid":{"rendered":"https:\/\/elpueblo.com.do\/?p=1892"},"modified":"2025-05-13T13:02:59","modified_gmt":"2025-05-13T17:02:59","slug":"senador-julito-fulcar-juramenta-comite-organizador-de-los-juegos-intermunicipales-de-peravia","status":"publish","type":"post","link":"https:\/\/elpueblo.com.do\/actualidad\/senador-julito-fulcar-juramenta-comite-organizador-de-los-juegos-intermunicipales-de-peravia\/1892\/","title":{"rendered":"Senador Julito Fulcar juramenta Comit\u00e9 Organizador de los Juegos Intermunicipales de Peravia"},"content":{"rendered":"\n<p>La iniciativa busca fomentar la pr\u00e1ctica deportiva en la juventud y establecer los juegos como una tradici\u00f3n bienal en la provincia<\/p>\n\n\n\n<p>Ban\u00ed, Peravia.\u2013 En un acto encabezado por el senador Julito Fulcar, fue juramentado este lunes el Comit\u00e9 Organizador de los Juegos Deportivos Intermunicipales de la provincia Peravia, una iniciativa impulsada desde la Oficina Senatorial con el objetivo de fortalecer la pr\u00e1ctica deportiva y la integraci\u00f3n comunitaria entre los tres municipios que conforman la provincia.<\/p>\n\n\n\n<p>La actividad se llev\u00f3 a cabo en la sede de la Oficina Senatorial, contando con la participaci\u00f3n del viceministro de Deportes, Leopoldo Portes Soler; el director provincial de Deportes, V\u00edctor Gil, as\u00ed como l\u00edderes deportivos, entrenadores y representantes de clubes y asociaciones de toda la provincia.<\/p>\n\n\n\n<p>Durante sus palabras, el senador Julito Fulcar destac\u00f3 que esta propuesta nace del firme compromiso de su gesti\u00f3n de brindar m\u00e1s y mejores oportunidades a la juventud, apostando al deporte como herramienta de desarrollo, disciplina, prevenci\u00f3n de riesgos sociales y motor de liderazgo positivo.<\/p>\n\n\n\n<p>Asimismo, anunci\u00f3 que las eliminatorias de los juegos se llevar\u00e1n a cabo en dos fases: la primera del 26 al 29 de junio y la segunda del 3 al 6 de julio, con la participaci\u00f3n de equipos y atletas en representaci\u00f3n de los diferentes municipios. Posteriormente, los clasificados competir\u00e1n en la fase final, programada para realizarse dos semanas despu\u00e9s.<\/p>\n\n\n\n<p>El legislador tambi\u00e9n revel\u00f3 su aspiraci\u00f3n de que estos juegos intermunicipales se celebren de manera bienal (cada dos a\u00f1os), como una plataforma permanente para el descubrimiento de nuevos talentos deportivos y el fortalecimiento del esp\u00edritu competitivo y colaborativo en la provincia.<\/p>\n\n\n\n<p>Por su parte, el viceministro Portes Soler valor\u00f3 positivamente la iniciativa, anunciando que ser\u00e1n 13 las disciplinas deportivas en las que se competir\u00e1, garantizando as\u00ed una participaci\u00f3n amplia e inclusiva.<\/p>\n\n\n\n<p>La juramentaci\u00f3n del Comit\u00e9 Organizador marca el inicio oficial de los preparativos de este importante evento deportivo, que busca posicionarse como una de las actividades m\u00e1s significativas para la juventud peraviana.<\/p>\n\n\n\n<p>Oficina Senatorial de Peravia<br>12 de Mayo 2025<\/p>\n","protected":false},"excerpt":{"rendered":"<p>La iniciativa busca fomentar la pr\u00e1ctica deportiva en la juventud y establecer los juegos como una tradici\u00f3n bienal en la provincia Ban\u00ed, Peravia.\u2013 En un acto encabezado por el senador Julito Fulcar, fue juramentado este lunes el Comit\u00e9 Organizador de los Juegos Deportivos Intermunicipales de la provincia Peravia, una iniciativa impulsada desde la Oficina Senatorial [&hellip;]<\/p>\n","protected":false},"author":6,"featured_media":1893,"comment_status":"open","ping_status":"open","sticky":false,"template":"","format":"standard","meta":{"footnotes":""},"categories":[32],"tags":[],"class_list":{"0":"post-1892","1":"post","2":"type-post","3":"status-publish","4":"format-standard","5":"has-post-thumbnail","7":"category-actualidad"},"_links":{"self":[{"href":"https:\/\/elpueblo.com.do\/api-json\/wp\/v2\/posts\/1892","targetHints":{"allow":["GET"]}}],"collection":[{"href":"https:\/\/elpueblo.com.do\/api-json\/wp\/v2\/posts"}],"about":[{"href":"https:\/\/elpueblo.com.do\/api-json\/wp\/v2\/types\/post"}],"author":[{"embeddable":true,"href":"https:\/\/elpueblo.com.do\/api-json\/wp\/v2\/users\/6"}],"replies":[{"embeddable":true,"href":"https:\/\/elpueblo.com.do\/api-json\/wp\/v2\/comments?post=1892"}],"version-history":[{"count":0,"href":"https:\/\/elpueblo.com.do\/api-json\/wp\/v2\/posts\/1892\/revisions"}],"wp:featuredmedia":[{"embeddable":true,"href":"https:\/\/elpueblo.com.do\/api-json\/wp\/v2\/media\/1893"}],"wp:attachment":[{"href":"https:\/\/elpueblo.com.do\/api-json\/wp\/v2\/media?parent=1892"}],"wp:term":[{"taxonomy":"category","embeddable":true,"href":"https:\/\/elpueblo.com.do\/api-json\/wp\/v2\/categories?post=1892"},{"taxonomy":"post_tag","embeddable":true,"href":"https:\/\/elpueblo.com.do\/api-json\/wp\/v2\/tags?post=1892"}],"curies":[{"name":"wp","href":"https:\/\/api.w.org\/{rel}","templated":true}]}}