{"id":1888,"date":"2025-05-07T14:21:08","date_gmt":"2025-05-07T18:21:08","guid":{"rendered":"https:\/\/elpueblo.com.do\/?p=1888"},"modified":"2025-05-11T15:08:32","modified_gmt":"2025-05-11T19:08:32","slug":"peravia-se-viste-de-verde-oficialmente-es-convertida-en-provincia-ecoturistica-por-ley","status":"publish","type":"post","link":"https:\/\/elpueblo.com.do\/actualidad\/peravia-se-viste-de-verde-oficialmente-es-convertida-en-provincia-ecoturistica-por-ley\/1888\/","title":{"rendered":"\u00a1Peravia se viste de verde! Oficialmente es convertida en provincia ecotur\u00edstica por ley"},"content":{"rendered":"\n<p>La iniciativa, impulsada por el senador Julito Fulcar, posiciona a la provincia como un nuevo eje del turismo sostenible en Rep\u00fablica Dominicana<\/p>\n\n\n\n<p>Santo Domingo, R.D.\u2014 Peravia ha sido oficialmente declarada como provincia ecotur\u00edstica, luego de que el Congreso Nacional aprobara y promulgara la ley propuesta por el senador Julito Fulcar, una iniciativa que busca promover el desarrollo sostenible y resaltar las riquezas naturales y culturales de la provincia.<\/p>\n\n\n\n<p>Cuando el legislador propuso el proyecto de ley, destac\u00f3 las extraordinarias riquezas naturales y el potencial de desarrollo sostenible que posee la provincia.<br>\u201cPeravia es un tesoro por explotar y descubrir ecotur\u00edsticamente. Es una de las pocas provincias que combina turismo de monta\u00f1a, religioso y un monumento natural tan emblem\u00e1tico como Las Dunas, adem\u00e1s de un gran dinamismo econ\u00f3mico\u201d, expres\u00f3 Fulcar.<\/p>\n\n\n\n<p>La ley busca posicionar a Peravia como un destino estrat\u00e9gico dentro del turismo nacional e internacional, garantizando la conservaci\u00f3n y sostenibilidad de sus recursos naturales.<br>Adem\u00e1s, se espera la implementaci\u00f3n de pol\u00edticas p\u00fablicas y proyectos de infraestructura que fomenten el turismo responsable, generando oportunidades de empleo y desarrollo para las comunidades locales.<\/p>\n\n\n\n<p>Entre los atractivos destacados de la provincia se encuentran el monumento natural Las Dunas, cascadas y hermosas playas. Adem\u00e1s, Peravia es reconocida por su turismo religioso y la producci\u00f3n de dulces tradicionales en Paya.<\/p>\n\n\n\n<p>La aprobaci\u00f3n de esta ley marca un paso significativo para impulsar el turismo en Peravia, contribuyendo a diversificar la econom\u00eda local y posicionar a la provincia como un destino estrat\u00e9gico en el mapa tur\u00edstico nacional.<\/p>\n\n\n\n<p>Con esta declaraci\u00f3n, Peravia se une a otras provincias dominicanas que han sido reconocidas por su potencial ecotur\u00edstico, reafirmando el compromiso del pa\u00eds con el desarrollo sostenible y la promoci\u00f3n de sus recursos naturales y culturales.<\/p>\n\n\n\n<p>La conversi\u00f3n de Peravia en provincia ecotur\u00edstica no solo marca un hito para el desarrollo provincial, sino que tambi\u00e9n consolida el liderazgo visionario del senador Julito Fulcar.<\/p>\n","protected":false},"excerpt":{"rendered":"<p>La iniciativa, impulsada por el senador Julito Fulcar, posiciona a la provincia como un nuevo eje del turismo sostenible en Rep\u00fablica Dominicana Santo Domingo, R.D.\u2014 Peravia ha sido oficialmente declarada como provincia ecotur\u00edstica, luego de que el Congreso Nacional aprobara y promulgara la ley propuesta por el senador Julito Fulcar, una iniciativa que busca promover [&hellip;]<\/p>\n","protected":false},"author":1,"featured_media":1889,"comment_status":"open","ping_status":"open","sticky":false,"template":"","format":"standard","meta":{"footnotes":""},"categories":[32],"tags":[],"class_list":{"0":"post-1888","1":"post","2":"type-post","3":"status-publish","4":"format-standard","5":"has-post-thumbnail","7":"category-actualidad"},"_links":{"self":[{"href":"https:\/\/elpueblo.com.do\/api-json\/wp\/v2\/posts\/1888","targetHints":{"allow":["GET"]}}],"collection":[{"href":"https:\/\/elpueblo.com.do\/api-json\/wp\/v2\/posts"}],"about":[{"href":"https:\/\/elpueblo.com.do\/api-json\/wp\/v2\/types\/post"}],"author":[{"embeddable":true,"href":"https:\/\/elpueblo.com.do\/api-json\/wp\/v2\/users\/1"}],"replies":[{"embeddable":true,"href":"https:\/\/elpueblo.com.do\/api-json\/wp\/v2\/comments?post=1888"}],"version-history":[{"count":0,"href":"https:\/\/elpueblo.com.do\/api-json\/wp\/v2\/posts\/1888\/revisions"}],"wp:featuredmedia":[{"embeddable":true,"href":"https:\/\/elpueblo.com.do\/api-json\/wp\/v2\/media\/1889"}],"wp:attachment":[{"href":"https:\/\/elpueblo.com.do\/api-json\/wp\/v2\/media?parent=1888"}],"wp:term":[{"taxonomy":"category","embeddable":true,"href":"https:\/\/elpueblo.com.do\/api-json\/wp\/v2\/categories?post=1888"},{"taxonomy":"post_tag","embeddable":true,"href":"https:\/\/elpueblo.com.do\/api-json\/wp\/v2\/tags?post=1888"}],"curies":[{"name":"wp","href":"https:\/\/api.w.org\/{rel}","templated":true}]}}