{"id":1872,"date":"2025-04-29T16:14:33","date_gmt":"2025-04-29T20:14:33","guid":{"rendered":"https:\/\/elpueblo.com.do\/?p=1872"},"modified":"2025-04-29T16:14:34","modified_gmt":"2025-04-29T20:14:34","slug":"oficina-senatorial-de-peravia-y-comite-gestor-lanzan-concurso-de-logo-para-el-plan-estrategico-de-desarrollo-sostenible-2025-2055-impulsado-por-el-senador-julito-fulcar","status":"publish","type":"post","link":"https:\/\/elpueblo.com.do\/actualidad\/oficina-senatorial-de-peravia-y-comite-gestor-lanzan-concurso-de-logo-para-el-plan-estrategico-de-desarrollo-sostenible-2025-2055-impulsado-por-el-senador-julito-fulcar\/1872\/","title":{"rendered":"Oficina Senatorial de Peravia y Comit\u00e9 Gestor lanzan Concurso de Logo para el Plan Estrat\u00e9gico de Desarrollo Sostenible 2025-2055, impulsado por el senador Julito Fulcar"},"content":{"rendered":"\n<p>Ban\u00ed, Provincia Peravia. \u2013 La Oficina Senatorial de Peravia y el Comit\u00e9 Gestor del Plan Estrat\u00e9gico de Desarrollo Sostenible lanzaron este martes el Concurso de Logo para el Plan Provincia Peravia 2025-2055, una iniciativa impulsada por el senador Julito Fulcar con el firme prop\u00f3sito de transformar el futuro de la provincia, apostando por un desarrollo pr\u00f3spero, equitativo y sostenible.<\/p>\n\n\n\n<p>El evento de lanzamiento tuvo lugar en las instalaciones de la C\u00e1mara de Comercio y Producci\u00f3n de Peravia, congregando autoridades, representantes del sector productivo y miembros de la sociedad civil.<\/p>\n\n\n\n<p>El Plan Estrat\u00e9gico de Desarrollo Sostenible de la Provincia Peravia 2025-2055 constituye una hoja de ruta que proyecta a la provincia como un referente nacional en el turismo, la agropecuaria, agroindustria y la preservaci\u00f3n de la biodiversidad, equilibrando el crecimiento econ\u00f3mico con la protecci\u00f3n ambiental y el bienestar social.<\/p>\n\n\n\n<p>Con el objetivo de continuar promoviendo la participaci\u00f3n ciudadana en este ambicioso proyecto, el concurso invita a dise\u00f1adores gr\u00e1ficos, comunicadores y artistas visuales, dominicanos o extranjeros residentes en el pa\u00eds por un m\u00ednimo de dos a\u00f1os, a presentar sus propuestas para el logo oficial que representar\u00e1 la visi\u00f3n de Peravia hacia el 2055. Cada participante podr\u00e1 presentar hasta tres bocetos originales e in\u00e9ditos.<\/p>\n\n\n\n<p>Las bases del concurso establecen que los dise\u00f1os deber\u00e1n reflejar los valores naturales, urban\u00edsticos y paisaj\u00edsticos de la provincia, incorporando elementos como espacios verdes, cuerpos de agua y s\u00edmbolos que fortalezcan la identidad urbana de Peravia.<\/p>\n\n\n\n<p>Especificaron que se deber\u00e1n utilizar colores inspirados en la naturaleza (tonalidades verdes, azules y amarillos) y cada propuesta deber\u00e1 incluir de manera visible el nombre \u201cPlan Estrat\u00e9gico de Desarrollo Sostenible Provincia Peravia 2025-2055\u201d.<\/p>\n\n\n\n<p>Seg\u00fan dieron a conocer, el proceso de inscripci\u00f3n estar\u00e1 abierto hasta el mi\u00e9rcoles 21 de mayo de 2025, mientras que las propuestas deber\u00e1n ser entregadas entre el lunes 26 y el viernes 30 de mayo en la Oficina Senatorial de Peravia, ubicada en la calle S\u00e1nchez esquina Mella #10, o enviadas digitalmente al correo electr\u00f3nico: planestrategicoperavia2055@gmail.com.<\/p>\n\n\n\n<p>Un jurado independiente, conformado por reconocidos profesionales del dise\u00f1o, el urbanismo y el medio ambiente, entre ellos y de manera tentativa la directora del Centro Cultural Perell\u00f3, Julia Castillo, la artista Esmeralda Bobadilla, la Vice ministra de Cultura Alicia Baroni, el gestor cultural Enrique Peguero, el arquitecto Ismael D\u00edaz Melo y el senador Julito Fulcar, quienes evaluaran las propuestas bajo un sistema de pseud\u00f3nimos, garantizando as\u00ed la imparcialidad y transparencia del proceso. Siendo anunciado el dise\u00f1o ganador el s\u00e1bado 14 de junio de 2025.<\/p>\n\n\n\n<p>En ese sentido, el concurso otorgar\u00e1 premios de RD$50,000.00 para el primer lugar, RD$30,000.00 para el segundo y RD$20,000.00 para el tercero, reconociendo la creatividad y el talento de los participantes.<\/p>\n\n\n\n<p>Durante el acto de lanzamiento, los representantes de la Oficina Senatorial y del Comit\u00e9 Gestor destacaron que esta convocatoria no solo busca seleccionar una imagen representativa, sino tambi\u00e9n movilizar a toda la ciudadan\u00eda en torno a un proyecto de transformaci\u00f3n colectiva, reafirmando la visi\u00f3n del senador Julito Fulcar de construir \u201cuna Peravia que avance unida hacia un futuro de bienestar, sostenibilidad y orgullo para todos los peravianos\u201d.<\/p>\n\n\n\n<p>29 de abril 2025<br>Oficina senatorial Julito Fulcar.<\/p>\n","protected":false},"excerpt":{"rendered":"<p>Ban\u00ed, Provincia Peravia. \u2013 La Oficina Senatorial de Peravia y el Comit\u00e9 Gestor del Plan Estrat\u00e9gico de Desarrollo Sostenible lanzaron este martes el Concurso de Logo para el Plan Provincia Peravia 2025-2055, una iniciativa impulsada por el senador Julito Fulcar con el firme prop\u00f3sito de transformar el futuro de la provincia, apostando por un desarrollo [&hellip;]<\/p>\n","protected":false},"author":6,"featured_media":1873,"comment_status":"open","ping_status":"open","sticky":false,"template":"","format":"standard","meta":{"footnotes":""},"categories":[32],"tags":[],"class_list":{"0":"post-1872","1":"post","2":"type-post","3":"status-publish","4":"format-standard","5":"has-post-thumbnail","7":"category-actualidad"},"_links":{"self":[{"href":"https:\/\/elpueblo.com.do\/api-json\/wp\/v2\/posts\/1872","targetHints":{"allow":["GET"]}}],"collection":[{"href":"https:\/\/elpueblo.com.do\/api-json\/wp\/v2\/posts"}],"about":[{"href":"https:\/\/elpueblo.com.do\/api-json\/wp\/v2\/types\/post"}],"author":[{"embeddable":true,"href":"https:\/\/elpueblo.com.do\/api-json\/wp\/v2\/users\/6"}],"replies":[{"embeddable":true,"href":"https:\/\/elpueblo.com.do\/api-json\/wp\/v2\/comments?post=1872"}],"version-history":[{"count":0,"href":"https:\/\/elpueblo.com.do\/api-json\/wp\/v2\/posts\/1872\/revisions"}],"wp:featuredmedia":[{"embeddable":true,"href":"https:\/\/elpueblo.com.do\/api-json\/wp\/v2\/media\/1873"}],"wp:attachment":[{"href":"https:\/\/elpueblo.com.do\/api-json\/wp\/v2\/media?parent=1872"}],"wp:term":[{"taxonomy":"category","embeddable":true,"href":"https:\/\/elpueblo.com.do\/api-json\/wp\/v2\/categories?post=1872"},{"taxonomy":"post_tag","embeddable":true,"href":"https:\/\/elpueblo.com.do\/api-json\/wp\/v2\/tags?post=1872"}],"curies":[{"name":"wp","href":"https:\/\/api.w.org\/{rel}","templated":true}]}}