{"id":1869,"date":"2025-04-26T11:55:38","date_gmt":"2025-04-26T15:55:38","guid":{"rendered":"https:\/\/elpueblo.com.do\/?p=1869"},"modified":"2025-04-26T11:55:39","modified_gmt":"2025-04-26T15:55:39","slug":"la-educacion-fisica-el-verdadero-motor-de-un-pais-saludable-y-productivopor-jeffri-mateo-alcantara","status":"publish","type":"post","link":"https:\/\/elpueblo.com.do\/actualidad\/la-educacion-fisica-el-verdadero-motor-de-un-pais-saludable-y-productivopor-jeffri-mateo-alcantara\/1869\/","title":{"rendered":"La Educaci\u00f3n F\u00edsica: El Verdadero Motor de un Pa\u00eds Saludable y ProductivoPor : Jeffri Mateo Alc\u00e1ntara"},"content":{"rendered":"\n<p>En los \u00faltimos tiempos, hemos observado una tendencia preocupante: muchos profesionales de la educaci\u00f3n f\u00edsica est\u00e1n m\u00e1s enfocados en la pr\u00e1ctica deportiva competitiva que en la esencia misma de su disciplina. Es importante recordar que la educaci\u00f3n f\u00edsica no es solo deporte; es salud, es vida, es productividad.<\/p>\n\n\n\n<p>La educaci\u00f3n f\u00edsica activa y bien orientada es uno de los pilares fundamentales para el desarrollo integral de una naci\u00f3n. Un pa\u00eds que promueve una educaci\u00f3n f\u00edsica constante y de calidad es un pa\u00eds que siembra ciudadanos m\u00e1s sanos, fuertes y resilientes, reduciendo as\u00ed las tasas de enfermedades y mejorando el desempe\u00f1o laboral en todas las \u00e1reas.<\/p>\n\n\n\n<p>Cuando se da prioridad real a la educaci\u00f3n f\u00edsica en las escuelas, en los barrios y en los espacios laborales, los resultados son evidentes: menos ausentismo por enfermedad, mayor energ\u00eda en la jornada de trabajo, mejor salud mental y, en consecuencia, una econom\u00eda m\u00e1s din\u00e1mica. A largo plazo, los sistemas de salud se ver\u00edan menos saturados y la calidad de vida de la poblaci\u00f3n aumentar\u00eda notablemente.<\/p>\n\n\n\n<p>Si las pol\u00edticas p\u00fablicas, las escuelas y los propios profesionales de la educaci\u00f3n f\u00edsica entendieran la magnitud de este impacto y apostaran m\u00e1s por una educaci\u00f3n f\u00edsica activa, formativa y constante, en pocos a\u00f1os podr\u00edamos ver un cambio radical: una sociedad m\u00e1s sana, productiva y feliz.<\/p>\n\n\n\n<p>La educaci\u00f3n f\u00edsica no debe verse como una materia secundaria ni como un simple espacio para practicar deportes competitivos. Debe ser entendida como un componente vital para la construcci\u00f3n de un pa\u00eds mejor. Invertir en ella no es un gasto, es una inversi\u00f3n en el futuro.<\/p>\n\n\n\n<p>Es tiempo de cambiar el enfoque. Es tiempo de darle a la educaci\u00f3n f\u00edsica el lugar que merece en el coraz\u00f3n de nuestra sociedad.<\/p>\n","protected":false},"excerpt":{"rendered":"<p>En los \u00faltimos tiempos, hemos observado una tendencia preocupante: muchos profesionales de la educaci\u00f3n f\u00edsica est\u00e1n m\u00e1s enfocados en la pr\u00e1ctica deportiva competitiva que en la esencia misma de su disciplina. Es importante recordar que la educaci\u00f3n f\u00edsica no es solo deporte; es salud, es vida, es productividad. La educaci\u00f3n f\u00edsica activa y bien orientada [&hellip;]<\/p>\n","protected":false},"author":6,"featured_media":1870,"comment_status":"open","ping_status":"open","sticky":false,"template":"","format":"standard","meta":{"footnotes":""},"categories":[32],"tags":[],"class_list":{"0":"post-1869","1":"post","2":"type-post","3":"status-publish","4":"format-standard","5":"has-post-thumbnail","7":"category-actualidad"},"_links":{"self":[{"href":"https:\/\/elpueblo.com.do\/api-json\/wp\/v2\/posts\/1869","targetHints":{"allow":["GET"]}}],"collection":[{"href":"https:\/\/elpueblo.com.do\/api-json\/wp\/v2\/posts"}],"about":[{"href":"https:\/\/elpueblo.com.do\/api-json\/wp\/v2\/types\/post"}],"author":[{"embeddable":true,"href":"https:\/\/elpueblo.com.do\/api-json\/wp\/v2\/users\/6"}],"replies":[{"embeddable":true,"href":"https:\/\/elpueblo.com.do\/api-json\/wp\/v2\/comments?post=1869"}],"version-history":[{"count":0,"href":"https:\/\/elpueblo.com.do\/api-json\/wp\/v2\/posts\/1869\/revisions"}],"wp:featuredmedia":[{"embeddable":true,"href":"https:\/\/elpueblo.com.do\/api-json\/wp\/v2\/media\/1870"}],"wp:attachment":[{"href":"https:\/\/elpueblo.com.do\/api-json\/wp\/v2\/media?parent=1869"}],"wp:term":[{"taxonomy":"category","embeddable":true,"href":"https:\/\/elpueblo.com.do\/api-json\/wp\/v2\/categories?post=1869"},{"taxonomy":"post_tag","embeddable":true,"href":"https:\/\/elpueblo.com.do\/api-json\/wp\/v2\/tags?post=1869"}],"curies":[{"name":"wp","href":"https:\/\/api.w.org\/{rel}","templated":true}]}}