{"id":1863,"date":"2025-04-23T00:28:14","date_gmt":"2025-04-23T04:28:14","guid":{"rendered":"https:\/\/elpueblo.com.do\/?p=1863"},"modified":"2025-04-23T00:28:15","modified_gmt":"2025-04-23T04:28:15","slug":"cuanta-razon-faride","status":"publish","type":"post","link":"https:\/\/elpueblo.com.do\/actualidad\/cuanta-razon-faride\/1863\/","title":{"rendered":"Cu\u00e1nta raz\u00f3n Faride"},"content":{"rendered":"\n<p>Con la democratizaci\u00f3n de la comunicaci\u00f3n, el mundo asume m\u00faltiples retos. Dada la complejidad de un sistema social en crisis y acelerado deterioro. Podemos observar como emergen de diferentes \u00e1mbitos, figuras cuya influencia coyuntural le permite actuar en nombre y a nombre de otros sin que exista una delegaci\u00f3n expresa para tales fines.<\/p>\n\n\n\n<p>El fen\u00f3meno de las redes sociales, sumado a un ej\u00e9rcito vario pinto de plataformas digitales. Usados estos, para las m\u00e1s diversas pr\u00e1cticas de lo que hoy se define como \u00abcomunicaci\u00f3n\u00bb.<\/p>\n\n\n\n<p>La administraci\u00f3n p\u00fablica atraviesa por el gran dilema de actuar en funci\u00f3n de la responsabilidad o dedicarse a complacer figuras dedicadas a decir y mostrar todo cu\u00e1nto le haga merecedor del \u00abaplauso\u00bb la risa, reconocimiento entre otras formas en las que le haga sentir importante y que por dem\u00e1s terminan siendo \u00abinfluencer\u00bb.<\/p>\n\n\n\n<p>Es necesario resaltar el asedio, atropello y la perversi\u00f3n que se urde, desde aquellos auto proclamados \u00abcomunicadores\u00bb, que no tienen miramientos ni control a la hora de buscar viralizar sus \u00abgenialidades\u00bb aunque con ello, pueda afectar par\u00e1metros vitales de la prudencia, el buen juicio y una genuina intenci\u00f3n de informar.<\/p>\n\n\n\n<p>Faride Raful ministra de interior y polic\u00eda, con su estilo aut\u00e9ntico y car\u00e1cter firme y tenaz, ha emprendo una lucha en contra de algunos temas que afectan la tranquilidad y seguridad de los ciudadanos. Para los fines a tomado medidas \u00abodiosas\u00bb para quienes solo le importa viralizar y poco le importa la paz y tranquilidad de la gente.<\/p>\n\n\n\n<p>Desde su llegada a las funciones que ocupa, promueve la necesidad de controlar la contaminaci\u00f3n s\u00f3nica y otros males. Decisiones que le han generado la cr\u00edtica mal intencionada de quienes le interesa vivir sin reglas, mientras otros aplauden la acci\u00f3n como necesaria para la sana convivencia.<\/p>\n\n\n\n<p>La tragedia lamentable y fat\u00eddica del pasado 8 de abril deja al desnudo el peligro de ser golpeados intensamente con un descomunal ataque al o\u00eddo con decibeles que tanto da\u00f1o hacen al medio ambiente y que hasta prueba contrario, se plantean como causas determinantes en la ca\u00edda lamentable de un techo que dej\u00f3 cientos de v\u00edctimas y un dolor que perdurar\u00e1 por muchos a\u00f1os.<\/p>\n\n\n\n<p>M\u00e1s all\u00e1 de la cr\u00edtica oportunista, dicharachera y prejuiciada, est\u00e1 sociedad debe concluir en la realidad de que Faride Raful arriesga, prestigio pol\u00edtico y social para demostrar que para administrar se deben enfocar responsabilidades y no necesariamente andar en una pasarela de aplausos. Sobre todo cuando son lauros frutos de la irresponsabilidad de mirar a los lados ante la necesidad y preferir estar bien con los que tienen bocinas para presumir de una personalidad que dista mucho de lo que necesita un pueblo.<\/p>\n\n\n\n<p>Se impone la sensatez y de paso la justicia de reconocer que con Faride Raful en sus funciones, tenemos un ministerio que no busca like, sino, soluciones que trasciendan las horas o minutos de un comentario interesado en plataformas preparadas para celebrar la inversi\u00f3n de valores y criticar el manejo responsable de una funci\u00f3n p\u00fablica.<\/p>\n","protected":false},"excerpt":{"rendered":"<p>Con la democratizaci\u00f3n de la comunicaci\u00f3n, el mundo asume m\u00faltiples retos. Dada la complejidad de un sistema social en crisis y acelerado deterioro. Podemos observar como emergen de diferentes \u00e1mbitos, figuras cuya influencia coyuntural le permite actuar en nombre y a nombre de otros sin que exista una delegaci\u00f3n expresa para tales fines. El fen\u00f3meno [&hellip;]<\/p>\n","protected":false},"author":6,"featured_media":1864,"comment_status":"open","ping_status":"open","sticky":false,"template":"","format":"standard","meta":{"footnotes":""},"categories":[32],"tags":[],"class_list":{"0":"post-1863","1":"post","2":"type-post","3":"status-publish","4":"format-standard","5":"has-post-thumbnail","7":"category-actualidad"},"_links":{"self":[{"href":"https:\/\/elpueblo.com.do\/api-json\/wp\/v2\/posts\/1863","targetHints":{"allow":["GET"]}}],"collection":[{"href":"https:\/\/elpueblo.com.do\/api-json\/wp\/v2\/posts"}],"about":[{"href":"https:\/\/elpueblo.com.do\/api-json\/wp\/v2\/types\/post"}],"author":[{"embeddable":true,"href":"https:\/\/elpueblo.com.do\/api-json\/wp\/v2\/users\/6"}],"replies":[{"embeddable":true,"href":"https:\/\/elpueblo.com.do\/api-json\/wp\/v2\/comments?post=1863"}],"version-history":[{"count":0,"href":"https:\/\/elpueblo.com.do\/api-json\/wp\/v2\/posts\/1863\/revisions"}],"wp:featuredmedia":[{"embeddable":true,"href":"https:\/\/elpueblo.com.do\/api-json\/wp\/v2\/media\/1864"}],"wp:attachment":[{"href":"https:\/\/elpueblo.com.do\/api-json\/wp\/v2\/media?parent=1863"}],"wp:term":[{"taxonomy":"category","embeddable":true,"href":"https:\/\/elpueblo.com.do\/api-json\/wp\/v2\/categories?post=1863"},{"taxonomy":"post_tag","embeddable":true,"href":"https:\/\/elpueblo.com.do\/api-json\/wp\/v2\/tags?post=1863"}],"curies":[{"name":"wp","href":"https:\/\/api.w.org\/{rel}","templated":true}]}}