{"id":1850,"date":"2025-04-11T09:42:44","date_gmt":"2025-04-11T13:42:44","guid":{"rendered":"https:\/\/elpueblo.com.do\/?p=1850"},"modified":"2025-04-11T09:42:46","modified_gmt":"2025-04-11T13:42:46","slug":"dr-victor-atallah-un-funcionario-responsable-y-humano","status":"publish","type":"post","link":"https:\/\/elpueblo.com.do\/actualidad\/dr-victor-atallah-un-funcionario-responsable-y-humano\/1850\/","title":{"rendered":"Dr. Victor Atallah un funcionario responsable y humano"},"content":{"rendered":"\n<p>En el af\u00e1n propio de las tareas cotidianas, son muchas las personas que marcan con su accionar un cap\u00edtulo importante en funci\u00f3n de asumir su rol, cuando la realidad le convoca.<\/p>\n\n\n\n<p>La semana segunda de abril 2025, nos ha dejado una secuela de luto y lamentos, c\u00f3mo resultado de un evento como est\u00e1 tragedia de un centro de diversi\u00f3n ic\u00f3nico en nuestro pa\u00eds, que nos ha de marcar la historia de forma muy negativa.<\/p>\n\n\n\n<p>Hemos perdido muchas vidas, dominicanos de los diferentes estratos sociales y de diversas profesiones y oficios. Este evento del martes 8 de abril quedar\u00e1 impregnado en nosotros como un verdadero martes negro.<\/p>\n\n\n\n<p>Pudimos ver en este proceso doloroso, c\u00f3mo voluntarios admirables y junto autoridades oficiales, asumieron un papel coherente con el momento que vivimos con la tragedia del Jet Set.<\/p>\n\n\n\n<p>Justo es reconocer como el director del COE general Juan Manuel Mendez, quien ya nos tiene acostumbrado a ese despliegue de patriotismo junto su gran equipo de rescatistas, hizo todo cu\u00e1nto fue posible para preservar vidas y rescatar cuerpos de personas fallecidas en tan tr\u00e1gico suceso.<\/p>\n\n\n\n<p>Igual debemos reconocer al Dr. Victor Atallah ministro de Salud P\u00fablica quien desde el primer momento, asumi\u00f3 su responsabilidad institucional y se mantuvo en sesi\u00f3n permanente desde el lugar de los acontecimientos. El funcionario de la salud lider\u00f3 la respuesta estatal junto al COE y pudimos ver en cada paso del proceso un Dominicano comprometido con su papel y dispuesto para todo cuanto fue necesario.<\/p>\n\n\n\n<p>Para todos quienes conocen al Dr V\u00edctor Atallah no es una sorpresa, dada su vocaci\u00f3n altruista y de sensibilidad ante la necesidad de quienes le rodean. Ahora solo fue una oportunidad del destino de mostrar desde otro escenario las condiciones humanas de un profesional de la salud, cuya personalidad trasciende la cotidianidad y lo eleva entre aquellos que se despojan de t\u00edtulos y fanfarrias para ser \u00fanicamente Dominicano.<\/p>\n","protected":false},"excerpt":{"rendered":"<p>En el af\u00e1n propio de las tareas cotidianas, son muchas las personas que marcan con su accionar un cap\u00edtulo importante en funci\u00f3n de asumir su rol, cuando la realidad le convoca. La semana segunda de abril 2025, nos ha dejado una secuela de luto y lamentos, c\u00f3mo resultado de un evento como est\u00e1 tragedia de [&hellip;]<\/p>\n","protected":false},"author":6,"featured_media":1851,"comment_status":"open","ping_status":"open","sticky":false,"template":"","format":"standard","meta":{"footnotes":""},"categories":[32],"tags":[],"class_list":{"0":"post-1850","1":"post","2":"type-post","3":"status-publish","4":"format-standard","5":"has-post-thumbnail","7":"category-actualidad"},"_links":{"self":[{"href":"https:\/\/elpueblo.com.do\/api-json\/wp\/v2\/posts\/1850","targetHints":{"allow":["GET"]}}],"collection":[{"href":"https:\/\/elpueblo.com.do\/api-json\/wp\/v2\/posts"}],"about":[{"href":"https:\/\/elpueblo.com.do\/api-json\/wp\/v2\/types\/post"}],"author":[{"embeddable":true,"href":"https:\/\/elpueblo.com.do\/api-json\/wp\/v2\/users\/6"}],"replies":[{"embeddable":true,"href":"https:\/\/elpueblo.com.do\/api-json\/wp\/v2\/comments?post=1850"}],"version-history":[{"count":0,"href":"https:\/\/elpueblo.com.do\/api-json\/wp\/v2\/posts\/1850\/revisions"}],"wp:featuredmedia":[{"embeddable":true,"href":"https:\/\/elpueblo.com.do\/api-json\/wp\/v2\/media\/1851"}],"wp:attachment":[{"href":"https:\/\/elpueblo.com.do\/api-json\/wp\/v2\/media?parent=1850"}],"wp:term":[{"taxonomy":"category","embeddable":true,"href":"https:\/\/elpueblo.com.do\/api-json\/wp\/v2\/categories?post=1850"},{"taxonomy":"post_tag","embeddable":true,"href":"https:\/\/elpueblo.com.do\/api-json\/wp\/v2\/tags?post=1850"}],"curies":[{"name":"wp","href":"https:\/\/api.w.org\/{rel}","templated":true}]}}