{"id":1837,"date":"2025-04-05T22:10:01","date_gmt":"2025-04-06T02:10:01","guid":{"rendered":"https:\/\/elpueblo.com.do\/?p=1837"},"modified":"2025-04-05T22:10:02","modified_gmt":"2025-04-06T02:10:02","slug":"victor-atallah-lidera-encuentro-del-gobierno-en-la-provincia-duarte","status":"publish","type":"post","link":"https:\/\/elpueblo.com.do\/actualidad\/victor-atallah-lidera-encuentro-del-gobierno-en-la-provincia-duarte\/1837\/","title":{"rendered":"V\u00edctor Atallah lidera encuentro &#8216;del Gobierno en la Provincia&#8217; Duarte."},"content":{"rendered":"\n<p><em>En el encuentro, realizado por instrucciones del presidente, Luis Abinder, el ministro se comprometi\u00f3 a gestionar y dar seguimiento a las necesidades comunitarias.<\/em><\/p>\n\n\n\n<p><em>San Francisco de Macor\u00eds-.<\/em> Con la participaci\u00f3n de autoridades nacionales y locales, congresistas, l\u00edderes comunitarios y empresariales fue desarrollado con \u00e9xito el primer encuentro del programa \u00abEl Gobierno en las Provincias\u00bb realizado en Duarte, en el municipio de San Francisco de Macor\u00eds, y estuvo encabezado por el ministro de Salud, V\u00edctor Atallah, junto a la gobernadora provincial, Ana Xiomara Cort\u00e9s.<\/p>\n\n\n\n<p>Ese programa tiene como objetivo fortalecer los v\u00ednculos entre el Gobierno y la comunidad, promoviendo espacios de acercamiento que permitan conocer de primera mano las necesidades de cada territorio, con la intenci\u00f3n de acelerar la implementaci\u00f3n y el seguimiento de pol\u00edticas p\u00fablicas inclusivas y alineadas con la visi\u00f3n de desarrollo local.<\/p>\n\n\n\n<p>Atallah, invit\u00f3 a los directores y otros funcionarios a poner el o\u00eddo y el coraz\u00f3n en lo planteado por los representantes de las comunidades para canalizar y resolver las situaciones planteadas, y se comprometi\u00f3 a gestionar y buscar soluciones a las problem\u00e1ticas presentadas en ese y pr\u00f3ximos encuentros con miembros de la sociedad de esta provincia. \u201cLlevaremos todas las situaciones planteadas aqu\u00ed al presidente Luis Abinader\u201d, agreg\u00f3.<\/p>\n\n\n\n<p>Mostr\u00f3 su satisfacci\u00f3n porque, pese a las peticiones de soluciones de algunas situaciones realizadas por l\u00edderes comunitarios, San Francisco de Macor\u00eds muestra avances logrados durante la gesti\u00f3n del presidente Abinader.<\/p>\n\n\n\n<p>El funcionario mencion\u00f3 algunos de los m\u00e1s importantes proyectos ejecutados por el Gobierno en esta provincia, entre ellos la circunvalaci\u00f3n de San Francisco de Macor\u00eds, el hospital regional San Vicente de Pa\u00fal, la rehabilitaci\u00f3n del edificio para la estaci\u00f3n de bomberos y la segunda etapa del mejoramiento de la Ca\u00f1ada Grande, con una inversi\u00f3n en esas y otras obras de m\u00e1s de RD$750 millones.<\/p>\n\n\n\n<p>Los encargados locales de instituciones gubernamentales, adem\u00e1s de escuchar las inquietudes de los representantes de la comunidad para gestionar respuestas, presentaron las obras y ejecuciones de este gobierno para mejorar la calidad de la poblaci\u00f3n de esta provincia.<\/p>\n\n\n\n<p>El ministro de Salud fue acompa\u00f1ado durante esta jornada de trabajo, tambi\u00e9n, por el director del Instituto Nacional de Recursos Hidr\u00e1ulico (Indrhi), Olmedo Caba, el senador de la provincia Franklin Romero Morillo, el alcalde de San Francisco de Macor\u00eds, Alex D\u00edaz, as\u00ed como por diputados y otros alcaldes de esta localidad.<\/p>\n\n\n\n<p>De su lado, la gobernadora de la provincia Duarte, Ana Xiomara Cort\u00e9s, destac\u00f3 que de estos encuentros saldr\u00e1n soluciones para continuar desarrollando el municipio San Francisco de Macor\u00eds y toda la provincia Duarte.<\/p>\n\n\n\n<p>Salud\u00f3 la realizaci\u00f3n de esta iniciativa, por mandato del presidente Abinader, en procura de hacer un mejor y m\u00e1s eficiente gobierno. \u201cEsperamos que este primer encuentro rinda los frutos esperados, y que demos respuestas oportunas a cada problem\u00e1tica, a cada proyecto de desarrollo, dando seguimiento y soporte a cada instituci\u00f3n para que podamos hacer la diferencia, en este gobierno del cambio\u201d, agreg\u00f3.<\/p>\n\n\n\n<p>Durante este encuentro, l\u00edderes comunitarios y religiosos de esta provincia, agrupados en los Consejos de Desarrollo Social y en Econ\u00f3mico, as\u00ed como en juntas de vecinos solicitaron a los funcionarios la agilizaci\u00f3n de la construcci\u00f3n de obras, caminos vecinales, el asfaltado de calles, la realizaci\u00f3n de m\u00e1s viviendas para la clase m\u00e1s necesitadas, la mejor\u00eda de algunos servicios p\u00fablicos en peque\u00f1os sectores, entre otras.<\/p>\n\n\n\n<p>Al hablar en representaci\u00f3n de esos consejos, el padre Isacc Garc\u00eda expres\u00f3 su satisfacci\u00f3n y felicit\u00f3 por la realizaci\u00f3n de esta actividad, que permite comunicar a los funcionarios directamente las necesidades de las comunidades.<\/p>\n\n\n\n<p>Este encuentro incluy\u00f3 un recorrido por obras construidas por el Gobierno en esta provincia y un encuentro con comunicadores de esta zona.<\/p>\n\n\n\n<p><\/p>\n","protected":false},"excerpt":{"rendered":"<p>En el encuentro, realizado por instrucciones del presidente, Luis Abinder, el ministro se comprometi\u00f3 a gestionar y dar seguimiento a las necesidades comunitarias. San Francisco de Macor\u00eds-. Con la participaci\u00f3n de autoridades nacionales y locales, congresistas, l\u00edderes comunitarios y empresariales fue desarrollado con \u00e9xito el primer encuentro del programa \u00abEl Gobierno en las Provincias\u00bb realizado [&hellip;]<\/p>\n","protected":false},"author":6,"featured_media":1838,"comment_status":"open","ping_status":"open","sticky":false,"template":"","format":"standard","meta":{"footnotes":""},"categories":[32],"tags":[],"class_list":{"0":"post-1837","1":"post","2":"type-post","3":"status-publish","4":"format-standard","5":"has-post-thumbnail","7":"category-actualidad"},"_links":{"self":[{"href":"https:\/\/elpueblo.com.do\/api-json\/wp\/v2\/posts\/1837","targetHints":{"allow":["GET"]}}],"collection":[{"href":"https:\/\/elpueblo.com.do\/api-json\/wp\/v2\/posts"}],"about":[{"href":"https:\/\/elpueblo.com.do\/api-json\/wp\/v2\/types\/post"}],"author":[{"embeddable":true,"href":"https:\/\/elpueblo.com.do\/api-json\/wp\/v2\/users\/6"}],"replies":[{"embeddable":true,"href":"https:\/\/elpueblo.com.do\/api-json\/wp\/v2\/comments?post=1837"}],"version-history":[{"count":0,"href":"https:\/\/elpueblo.com.do\/api-json\/wp\/v2\/posts\/1837\/revisions"}],"wp:featuredmedia":[{"embeddable":true,"href":"https:\/\/elpueblo.com.do\/api-json\/wp\/v2\/media\/1838"}],"wp:attachment":[{"href":"https:\/\/elpueblo.com.do\/api-json\/wp\/v2\/media?parent=1837"}],"wp:term":[{"taxonomy":"category","embeddable":true,"href":"https:\/\/elpueblo.com.do\/api-json\/wp\/v2\/categories?post=1837"},{"taxonomy":"post_tag","embeddable":true,"href":"https:\/\/elpueblo.com.do\/api-json\/wp\/v2\/tags?post=1837"}],"curies":[{"name":"wp","href":"https:\/\/api.w.org\/{rel}","templated":true}]}}