{"id":1823,"date":"2025-03-20T13:44:29","date_gmt":"2025-03-20T17:44:29","guid":{"rendered":"https:\/\/elpueblo.com.do\/?p=1823"},"modified":"2025-03-20T13:44:30","modified_gmt":"2025-03-20T17:44:30","slug":"senador-julito-fulcar-solicita-tomografo-para-el-hospital-nuestra-senora-de-regla-y-el-presidente-abinader-accede","status":"publish","type":"post","link":"https:\/\/elpueblo.com.do\/actualidad\/senador-julito-fulcar-solicita-tomografo-para-el-hospital-nuestra-senora-de-regla-y-el-presidente-abinader-accede\/1823\/","title":{"rendered":"Senador Julito Fulcar solicita tom\u00f3grafo para el Hospital Nuestra Se\u00f1ora de Regla y el presidente Abinader accede"},"content":{"rendered":"\n<p>Ban\u00ed, Peravia 19 de marzo 2025. \u2013 En el marco de la inauguraci\u00f3n de los trabajos de remozamiento del Hospital Nuestra Se\u00f1ora de Regla, el senador por la provincia Peravia, Julito Fulcar, solicit\u00f3 al presidente de la Rep\u00fablica, Luis Abinader, la asignaci\u00f3n de un tom\u00f3grafo para este centro de salud, con el objetivo de fortalecer a\u00fan m\u00e1s los servicios m\u00e9dicos ofrecidos a la poblaci\u00f3n.<\/p>\n\n\n\n<p>El legislador destac\u00f3 que el hospital ha sido completamente transformado y que la incorporaci\u00f3n de un tom\u00f3grafo garantizar\u00eda que dicho centro no tenga nada que envidiar a otros hospitales del pa\u00eds.<\/p>\n\n\n\n<p>\u201cHoy celebramos una transformaci\u00f3n que dignifica la salud de nuestra gente, pero nos hace falta un tom\u00f3grafo para brindar un servicio completo a nuestra provincia y a la regi\u00f3n\u201d, expres\u00f3 Fulcar durante su intervenci\u00f3n.<\/p>\n\n\n\n<p>Tras escuchar la solicitud, el presidente Abinader elogi\u00f3 la gesti\u00f3n y el nivel de diligencia del senador Fulcar en favor de su provincia. Acto seguido, el mandatario anunci\u00f3 que instruir\u00e1 al ministro de la Presidencia para que disponga de los fondos necesarios para la adquisici\u00f3n del equipo.<\/p>\n\n\n\n<p>\u201cPeravia tiene un senador muy diligente, y como tal, anuncio que daremos las instrucciones correspondientes para dotar al Hospital Nuestra Se\u00f1ora de Regla de su tom\u00f3grafo\u201d, afirm\u00f3 el presidente Abinader.<\/p>\n\n\n\n<p>La actividad se desarroll\u00f3 en un emotivo acto que cont\u00f3 con la participaci\u00f3n de profesionales de la salud, autoridades locales y miembros de la comunidad, quienes destacaron la importancia de esta obra para el fortalecimiento de los servicios de salud en la provincia Peravia.<\/p>\n","protected":false},"excerpt":{"rendered":"<p>Ban\u00ed, Peravia 19 de marzo 2025. \u2013 En el marco de la inauguraci\u00f3n de los trabajos de remozamiento del Hospital Nuestra Se\u00f1ora de Regla, el senador por la provincia Peravia, Julito Fulcar, solicit\u00f3 al presidente de la Rep\u00fablica, Luis Abinader, la asignaci\u00f3n de un tom\u00f3grafo para este centro de salud, con el objetivo de fortalecer [&hellip;]<\/p>\n","protected":false},"author":1,"featured_media":1824,"comment_status":"open","ping_status":"open","sticky":false,"template":"","format":"standard","meta":{"footnotes":""},"categories":[32,34],"tags":[],"class_list":{"0":"post-1823","1":"post","2":"type-post","3":"status-publish","4":"format-standard","5":"has-post-thumbnail","7":"category-actualidad","8":"category-politica"},"_links":{"self":[{"href":"https:\/\/elpueblo.com.do\/api-json\/wp\/v2\/posts\/1823","targetHints":{"allow":["GET"]}}],"collection":[{"href":"https:\/\/elpueblo.com.do\/api-json\/wp\/v2\/posts"}],"about":[{"href":"https:\/\/elpueblo.com.do\/api-json\/wp\/v2\/types\/post"}],"author":[{"embeddable":true,"href":"https:\/\/elpueblo.com.do\/api-json\/wp\/v2\/users\/1"}],"replies":[{"embeddable":true,"href":"https:\/\/elpueblo.com.do\/api-json\/wp\/v2\/comments?post=1823"}],"version-history":[{"count":0,"href":"https:\/\/elpueblo.com.do\/api-json\/wp\/v2\/posts\/1823\/revisions"}],"wp:featuredmedia":[{"embeddable":true,"href":"https:\/\/elpueblo.com.do\/api-json\/wp\/v2\/media\/1824"}],"wp:attachment":[{"href":"https:\/\/elpueblo.com.do\/api-json\/wp\/v2\/media?parent=1823"}],"wp:term":[{"taxonomy":"category","embeddable":true,"href":"https:\/\/elpueblo.com.do\/api-json\/wp\/v2\/categories?post=1823"},{"taxonomy":"post_tag","embeddable":true,"href":"https:\/\/elpueblo.com.do\/api-json\/wp\/v2\/tags?post=1823"}],"curies":[{"name":"wp","href":"https:\/\/api.w.org\/{rel}","templated":true}]}}