{"id":1768,"date":"2025-02-15T15:08:39","date_gmt":"2025-02-15T19:08:39","guid":{"rendered":"https:\/\/elpueblo.com.do\/?p=1768"},"modified":"2025-03-07T14:16:09","modified_gmt":"2025-03-07T18:16:09","slug":"senador-julito-fulcar-y-nuevo-director-regional-de-la-policia-acuerdan-reforzar-seguridad-en-peravia","status":"publish","type":"post","link":"https:\/\/elpueblo.com.do\/actualidad\/politica\/senador-julito-fulcar-y-nuevo-director-regional-de-la-policia-acuerdan-reforzar-seguridad-en-peravia\/1768\/","title":{"rendered":"Senador Julito Fulcar y nuevo director regional de la Polic\u00eda acuerdan reforzar seguridad en Peravia"},"content":{"rendered":"\n<p>Ban\u00ed, Peravia. El senador por la provincia Peravia, Julito Fulcar, recibi\u00f3 este viernes una visita de cortes\u00eda del general Johnny Soto Abreu, nuevo director de la Regional Sur Central de la Polic\u00eda Nacional, con quien convers\u00f3 sobre la importancia de fortalecer la seguridad en la demarcaci\u00f3n.<\/p>\n\n\n\n<p>Durante el encuentro, ambas autoridades coincidieron en la necesidad de trabajar de manera coordinada para garantizar el orden y la tranquilidad en la provincia. Asimismo, el senador Fulcar reafirm\u00f3 su compromiso de respaldar iniciativas que contribuyan a la prevenci\u00f3n del delito y la protecci\u00f3n ciudadana.<\/p>\n\n\n\n<p>Por su parte, el general Soto Abreu destac\u00f3 que su gesti\u00f3n estar\u00e1 enfocada en fortalecer la presencia policial, mejorar la respuesta ante hechos delictivos y fomentar la proximidad con la comunidad.<\/p>\n\n\n\n<p>Este encuentro marca el inicio de una colaboraci\u00f3n estrat\u00e9gica entre el Senado y la Polic\u00eda Nacional, con el prop\u00f3sito de implementar acciones concretas en beneficio de la seguridad de los peravianos.<\/p>\n","protected":false},"excerpt":{"rendered":"<p>Ban\u00ed, Peravia. El senador por la provincia Peravia, Julito Fulcar, recibi\u00f3 este viernes una visita de cortes\u00eda del general Johnny Soto Abreu, nuevo director de la Regional Sur Central de la Polic\u00eda Nacional, con quien convers\u00f3 sobre la importancia de fortalecer la seguridad en la demarcaci\u00f3n. Durante el encuentro, ambas autoridades coincidieron en la necesidad [&hellip;]<\/p>\n","protected":false},"author":5,"featured_media":0,"comment_status":"open","ping_status":"open","sticky":false,"template":"","format":"standard","meta":{"footnotes":""},"categories":[424,34],"tags":[],"class_list":{"0":"post-1768","1":"post","2":"type-post","3":"status-publish","4":"format-standard","6":"category-destacados","7":"category-politica"},"_links":{"self":[{"href":"https:\/\/elpueblo.com.do\/api-json\/wp\/v2\/posts\/1768","targetHints":{"allow":["GET"]}}],"collection":[{"href":"https:\/\/elpueblo.com.do\/api-json\/wp\/v2\/posts"}],"about":[{"href":"https:\/\/elpueblo.com.do\/api-json\/wp\/v2\/types\/post"}],"author":[{"embeddable":true,"href":"https:\/\/elpueblo.com.do\/api-json\/wp\/v2\/users\/5"}],"replies":[{"embeddable":true,"href":"https:\/\/elpueblo.com.do\/api-json\/wp\/v2\/comments?post=1768"}],"version-history":[{"count":0,"href":"https:\/\/elpueblo.com.do\/api-json\/wp\/v2\/posts\/1768\/revisions"}],"wp:attachment":[{"href":"https:\/\/elpueblo.com.do\/api-json\/wp\/v2\/media?parent=1768"}],"wp:term":[{"taxonomy":"category","embeddable":true,"href":"https:\/\/elpueblo.com.do\/api-json\/wp\/v2\/categories?post=1768"},{"taxonomy":"post_tag","embeddable":true,"href":"https:\/\/elpueblo.com.do\/api-json\/wp\/v2\/tags?post=1768"}],"curies":[{"name":"wp","href":"https:\/\/api.w.org\/{rel}","templated":true}]}}