{"id":1742,"date":"2025-01-31T08:59:01","date_gmt":"2025-01-31T12:59:01","guid":{"rendered":"https:\/\/elpueblo.com.do\/?p=1742"},"modified":"2025-03-07T14:16:39","modified_gmt":"2025-03-07T18:16:39","slug":"senador-julito-fulcar-se-reune-con-precandidata-presidencial-de-honduras-ricxi-moncada","status":"publish","type":"post","link":"https:\/\/elpueblo.com.do\/actualidad\/politica\/senador-julito-fulcar-se-reune-con-precandidata-presidencial-de-honduras-ricxi-moncada\/1742\/","title":{"rendered":"SENADOR JULITO FULCAR SE RE\u00daNE CON PRECANDIDATA PRESIDENCIAL DE HONDURAS, RICXI MONCADA"},"content":{"rendered":"\n<p>Tegucigalpa, Honduras \u2013 El senador por la provincia Peravia, Julito Fulcar, sostuvo un importante encuentro con la precandidata presidencial del partido oficialista de Honduras, Ricxi Moncada, con quien convers\u00f3 sobre la trascendencia del cooperativismo y la econom\u00eda social en la ejecuci\u00f3n de pol\u00edticas p\u00fablicas para la generaci\u00f3n de riqueza colectiva.<\/p>\n\n\n\n\n\n<figure class=\"wp-block-gallery has-nested-images columns-default is-cropped wp-block-gallery-1 is-layout-flex wp-block-gallery-is-layout-flex\">\n<figure class=\"wp-block-image size-large\"><img decoding=\"async\" width=\"1024\" height=\"820\" data-id=\"1743\" data-src=\"https:\/\/elpueblo.com.do\/sources\/smush-webp\/2025\/01\/IMG-20250131-WA0026-1024x820.jpg.webp\" alt=\"\" class=\"wp-image-1743 lazyload\" data-srcset=\"https:\/\/elpueblo.com.do\/sources\/smush-webp\/2025\/01\/IMG-20250131-WA0026-1024x820.jpg.webp 1024w, https:\/\/elpueblo.com.do\/sources\/smush-webp\/2025\/01\/IMG-20250131-WA0026-300x240.jpg.webp 300w, https:\/\/elpueblo.com.do\/sources\/smush-webp\/2025\/01\/IMG-20250131-WA0026-768x615.jpg.webp 768w, https:\/\/elpueblo.com.do\/sources\/smush-webp\/2025\/01\/IMG-20250131-WA0026-525x420.jpg.webp 525w, https:\/\/elpueblo.com.do\/sources\/smush-webp\/2025\/01\/IMG-20250131-WA0026-696x557.jpg.webp 696w, https:\/\/elpueblo.com.do\/sources\/smush-webp\/2025\/01\/IMG-20250131-WA0026-1068x855.jpg.webp 1068w, https:\/\/elpueblo.com.do\/archivos\/2025\/01\/IMG-20250131-WA0026.jpg 1108w\" data-sizes=\"(max-width: 1024px) 100vw, 1024px\" src=\"data:image\/svg+xml;base64,PHN2ZyB3aWR0aD0iMSIgaGVpZ2h0PSIxIiB4bWxucz0iaHR0cDovL3d3dy53My5vcmcvMjAwMC9zdmciPjwvc3ZnPg==\" style=\"--smush-placeholder-width: 1024px; --smush-placeholder-aspect-ratio: 1024\/820;\" data-smush-webp-fallback=\"{&quot;data-src&quot;:&quot;https:\\\/\\\/elpueblo.com.do\\\/wp-content\\\/uploads\\\/2025\\\/01\\\/IMG-20250131-WA0026-1024x820.jpg&quot;,&quot;data-srcset&quot;:&quot;https:\\\/\\\/elpueblo.com.do\\\/wp-content\\\/uploads\\\/2025\\\/01\\\/IMG-20250131-WA0026-1024x820.jpg 1024w, https:\\\/\\\/elpueblo.com.do\\\/wp-content\\\/uploads\\\/2025\\\/01\\\/IMG-20250131-WA0026-300x240.jpg 300w, https:\\\/\\\/elpueblo.com.do\\\/wp-content\\\/uploads\\\/2025\\\/01\\\/IMG-20250131-WA0026-768x615.jpg 768w, https:\\\/\\\/elpueblo.com.do\\\/wp-content\\\/uploads\\\/2025\\\/01\\\/IMG-20250131-WA0026-525x420.jpg 525w, https:\\\/\\\/elpueblo.com.do\\\/wp-content\\\/uploads\\\/2025\\\/01\\\/IMG-20250131-WA0026-696x557.jpg 696w, https:\\\/\\\/elpueblo.com.do\\\/wp-content\\\/uploads\\\/2025\\\/01\\\/IMG-20250131-WA0026-1068x855.jpg 1068w, https:\\\/\\\/elpueblo.com.do\\\/wp-content\\\/uploads\\\/2025\\\/01\\\/IMG-20250131-WA0026.jpg 1108w&quot;}\" \/><\/figure>\n\n\n\n<figure class=\"wp-block-image size-large\"><img decoding=\"async\" width=\"663\" height=\"1024\" data-id=\"1744\" data-src=\"https:\/\/elpueblo.com.do\/sources\/smush-webp\/2025\/01\/IMG-20250131-WA0025-663x1024.jpg.webp\" alt=\"\" class=\"wp-image-1744 lazyload\" data-srcset=\"https:\/\/elpueblo.com.do\/sources\/smush-webp\/2025\/01\/IMG-20250131-WA0025-663x1024.jpg.webp 663w, https:\/\/elpueblo.com.do\/sources\/smush-webp\/2025\/01\/IMG-20250131-WA0025-194x300.jpg.webp 194w, https:\/\/elpueblo.com.do\/sources\/smush-webp\/2025\/01\/IMG-20250131-WA0025-768x1186.jpg.webp 768w, https:\/\/elpueblo.com.do\/sources\/smush-webp\/2025\/01\/IMG-20250131-WA0025-995x1536.jpg.webp 995w, https:\/\/elpueblo.com.do\/sources\/smush-webp\/2025\/01\/IMG-20250131-WA0025-272x420.jpg.webp 272w, https:\/\/elpueblo.com.do\/sources\/smush-webp\/2025\/01\/IMG-20250131-WA0025-696x1075.jpg.webp 696w, https:\/\/elpueblo.com.do\/archivos\/2025\/01\/IMG-20250131-WA0025.jpg 1036w\" data-sizes=\"(max-width: 663px) 100vw, 663px\" src=\"data:image\/svg+xml;base64,PHN2ZyB3aWR0aD0iMSIgaGVpZ2h0PSIxIiB4bWxucz0iaHR0cDovL3d3dy53My5vcmcvMjAwMC9zdmciPjwvc3ZnPg==\" style=\"--smush-placeholder-width: 663px; --smush-placeholder-aspect-ratio: 663\/1024;\" data-smush-webp-fallback=\"{&quot;data-src&quot;:&quot;https:\\\/\\\/elpueblo.com.do\\\/wp-content\\\/uploads\\\/2025\\\/01\\\/IMG-20250131-WA0025-663x1024.jpg&quot;,&quot;data-srcset&quot;:&quot;https:\\\/\\\/elpueblo.com.do\\\/wp-content\\\/uploads\\\/2025\\\/01\\\/IMG-20250131-WA0025-663x1024.jpg 663w, https:\\\/\\\/elpueblo.com.do\\\/wp-content\\\/uploads\\\/2025\\\/01\\\/IMG-20250131-WA0025-194x300.jpg 194w, https:\\\/\\\/elpueblo.com.do\\\/wp-content\\\/uploads\\\/2025\\\/01\\\/IMG-20250131-WA0025-768x1186.jpg 768w, https:\\\/\\\/elpueblo.com.do\\\/wp-content\\\/uploads\\\/2025\\\/01\\\/IMG-20250131-WA0025-995x1536.jpg 995w, https:\\\/\\\/elpueblo.com.do\\\/wp-content\\\/uploads\\\/2025\\\/01\\\/IMG-20250131-WA0025-272x420.jpg 272w, https:\\\/\\\/elpueblo.com.do\\\/wp-content\\\/uploads\\\/2025\\\/01\\\/IMG-20250131-WA0025-696x1075.jpg 696w, https:\\\/\\\/elpueblo.com.do\\\/wp-content\\\/uploads\\\/2025\\\/01\\\/IMG-20250131-WA0025.jpg 1036w&quot;}\" \/><\/figure>\n<\/figure>\n\n\n\n<figure class=\"wp-block-gallery has-nested-images columns-default is-cropped wp-block-gallery-2 is-layout-flex wp-block-gallery-is-layout-flex\"><\/figure>\n\n\n\n\n\n<p>Durante la reuni\u00f3n, Moncada expres\u00f3 su inter\u00e9s en asumir esta filosof\u00eda como un pilar fundamental en la implementaci\u00f3n de pol\u00edticas sociales en un posible futuro gobierno suyo.<\/p>\n\n\n\n<p>El encuentro se llev\u00f3 a cabo en el despacho de Moncada, quien tambi\u00e9n se desempe\u00f1a como ministra de Defensa de Honduras.<\/p>\n\n\n\n<p>Acompa\u00f1ando al senador Fulcar estuvieron Germ\u00e1n Astur Mej\u00eda, l\u00edder cooperativista hondure\u00f1o; Ernesto Colindres, director del Consucoop, y su esposa Celestina Aybar (Deyanira).<\/p>\n\n\n\n<p>Durante la reuni\u00f3n, abordaron temas claves como la actualizaci\u00f3n de la Ley de Cooperativas de Honduras, el impulso a la econom\u00eda social a trav\u00e9s de cooperativas de producci\u00f3n y trabajo, y la situaci\u00f3n de los sistemas educativos en ambos pa\u00edses.<\/p>\n\n\n\n<p>Cabe destacar que las elecciones internas en Honduras para elegir candidaturas a todos los niveles est\u00e1n programadas para marzo, mientras que las elecciones generales se celebrar\u00e1n en noviembre para el pr\u00f3ximo cuatrienio.<\/p>\n\n\n\n<p>El senador Julito Fulcar se encuentra en el exterior desde hace varios d\u00edas atendiendo invitaciones para participar como expositor en diversos eventos y sosteniendo reuniones con destacadas figuras pol\u00edticas, funcionarios y empresarios en Curazao, Honduras y Colombia.<\/p>\n","protected":false},"excerpt":{"rendered":"<p>Tegucigalpa, Honduras \u2013 El senador por la provincia Peravia, Julito Fulcar, sostuvo un importante encuentro con la precandidata presidencial del partido oficialista de Honduras, Ricxi Moncada, con quien convers\u00f3 sobre la trascendencia del cooperativismo y la econom\u00eda social en la ejecuci\u00f3n de pol\u00edticas p\u00fablicas para la generaci\u00f3n de riqueza colectiva. Durante la reuni\u00f3n, Moncada expres\u00f3 [&hellip;]<\/p>\n","protected":false},"author":6,"featured_media":0,"comment_status":"open","ping_status":"open","sticky":false,"template":"","format":"standard","meta":{"footnotes":""},"categories":[424,34],"tags":[],"class_list":{"0":"post-1742","1":"post","2":"type-post","3":"status-publish","4":"format-standard","6":"category-destacados","7":"category-politica"},"_links":{"self":[{"href":"https:\/\/elpueblo.com.do\/api-json\/wp\/v2\/posts\/1742","targetHints":{"allow":["GET"]}}],"collection":[{"href":"https:\/\/elpueblo.com.do\/api-json\/wp\/v2\/posts"}],"about":[{"href":"https:\/\/elpueblo.com.do\/api-json\/wp\/v2\/types\/post"}],"author":[{"embeddable":true,"href":"https:\/\/elpueblo.com.do\/api-json\/wp\/v2\/users\/6"}],"replies":[{"embeddable":true,"href":"https:\/\/elpueblo.com.do\/api-json\/wp\/v2\/comments?post=1742"}],"version-history":[{"count":0,"href":"https:\/\/elpueblo.com.do\/api-json\/wp\/v2\/posts\/1742\/revisions"}],"wp:attachment":[{"href":"https:\/\/elpueblo.com.do\/api-json\/wp\/v2\/media?parent=1742"}],"wp:term":[{"taxonomy":"category","embeddable":true,"href":"https:\/\/elpueblo.com.do\/api-json\/wp\/v2\/categories?post=1742"},{"taxonomy":"post_tag","embeddable":true,"href":"https:\/\/elpueblo.com.do\/api-json\/wp\/v2\/tags?post=1742"}],"curies":[{"name":"wp","href":"https:\/\/api.w.org\/{rel}","templated":true}]}}