{"id":1739,"date":"2025-01-30T16:51:18","date_gmt":"2025-01-30T20:51:18","guid":{"rendered":"https:\/\/elpueblo.com.do\/?p=1739"},"modified":"2025-03-07T14:16:49","modified_gmt":"2025-03-07T18:16:49","slug":"senador-julito-fulcar-encarnacion-realiza-visita-oficial-a-la-embajada-de-la-republica-dominicana-en-honduras","status":"publish","type":"post","link":"https:\/\/elpueblo.com.do\/actualidad\/politica\/senador-julito-fulcar-encarnacion-realiza-visita-oficial-a-la-embajada-de-la-republica-dominicana-en-honduras\/1739\/","title":{"rendered":"Senador Julito Fulcar Encarnaci\u00f3n realiza visita oficial a la Embajada de la Rep\u00fablica Dominicana en Honduras"},"content":{"rendered":"\n<p>Tegucigalpa, Honduras \u2013 En el marco de los esfuerzos por fortalecer los lazos entre la Rep\u00fablica Dominicana y su representaci\u00f3n diplom\u00e1tica en el exterior, el senador Julito Fulcar Encarnaci\u00f3n realiz\u00f3 una visita oficial a la Embajada dominicana en Honduras.<\/p>\n\n\n\n<p>La delegaci\u00f3n fue recibida por el embajador Luis Bienvenido Garc\u00eda Mercado, junto a miembros del cuerpo diplom\u00e1tico. Durante el encuentro, se abordaron temas de inter\u00e9s com\u00fan, con especial \u00e9nfasis en la importancia de la cooperaci\u00f3n en los \u00e1mbitos educativo, econ\u00f3mico y social.<\/p>\n\n\n\n<p>El Senador Fulcar, acompa\u00f1ado por Germ\u00e1n Astur Mej\u00eda y Celestina Amparo Aybar (Deyanira), expres\u00f3 su inter\u00e9s en conocer de primera mano las iniciativas impulsadas por la Embajada en favor de la comunidad dominicana en Honduras y reafirm\u00f3 su compromiso con la promoci\u00f3n de pol\u00edticas que beneficien a la di\u00e1spora.<\/p>\n\n\n\n<p>El embajador Garc\u00eda Mercado destac\u00f3 la relevancia de esta visita como un espacio de di\u00e1logo que permite fortalecer la coordinaci\u00f3n entre el Senado de la Rep\u00fablica Dominicana y la misi\u00f3n diplom\u00e1tica, en aras de continuar mejorando los servicios consulares, promover la identidad cultural dominicana y fomentar iniciativas de desarrollo conjunto.<\/p>\n\n\n\n<p>Entre los temas tratados, se resalt\u00f3 la necesidad de seguir avanzando en programas que respalden la educaci\u00f3n y el desarrollo profesional de los dominicanos en el exterior, as\u00ed como la importancia de impulsar proyectos de inversi\u00f3n y cooperaci\u00f3n bilateral en sectores estrat\u00e9gicos.<\/p>\n\n\n\n<p>Uno de los puntos centrales de la reuni\u00f3n fue el rol de la mujer dominicana en la sociedad y su impacto en el exterior. En ese sentido, se resalt\u00f3 la necesidad de impulsar iniciativas que promuevan la participaci\u00f3n de la mujer en espacios de liderazgo, emprendimiento y desarrollo profesional. Asimismo, se discutieron proyectos de colaboraci\u00f3n en el marco de foros internacionales, con el fin de visibilizar y fortalecer el aporte de la mujer dominicana en diferentes \u00e1mbitos.<\/p>\n\n\n\n<p>Este encuentro reafirma el compromiso del Senador Julito Fulcar Encarnaci\u00f3n con la construcci\u00f3n de pol\u00edticas inclusivas que beneficien a todos los dominicanos dentro y fuera del pa\u00eds, y sienta las bases para una agenda de colaboraci\u00f3n m\u00e1s estrecha, orientada a fortalecer el bienestar y la integraci\u00f3n de la di\u00e1spora en Honduras.<\/p>\n\n\n\n<p>29 de enero 2025<br>Dpto. Comunicaciones senador Julito Fulcar.<\/p>\n\n\n\n<figure class=\"wp-block-gallery has-nested-images columns-default is-cropped wp-block-gallery-1 is-layout-flex wp-block-gallery-is-layout-flex\">\n<figure class=\"wp-block-image size-large\"><img decoding=\"async\" width=\"768\" height=\"1024\" data-id=\"1740\" data-src=\"https:\/\/elpueblo.com.do\/sources\/smush-webp\/2025\/01\/IMG-20250130-WA0177-768x1024.jpg.webp\" alt=\"\" class=\"wp-image-1740 lazyload\" data-srcset=\"https:\/\/elpueblo.com.do\/sources\/smush-webp\/2025\/01\/IMG-20250130-WA0177-768x1024.jpg.webp 768w, https:\/\/elpueblo.com.do\/sources\/smush-webp\/2025\/01\/IMG-20250130-WA0177-225x300.jpg.webp 225w, https:\/\/elpueblo.com.do\/sources\/smush-webp\/2025\/01\/IMG-20250130-WA0177-1152x1536.jpg.webp 1152w, https:\/\/elpueblo.com.do\/sources\/smush-webp\/2025\/01\/IMG-20250130-WA0177-315x420.jpg.webp 315w, https:\/\/elpueblo.com.do\/sources\/smush-webp\/2025\/01\/IMG-20250130-WA0177-696x928.jpg.webp 696w, https:\/\/elpueblo.com.do\/sources\/smush-webp\/2025\/01\/IMG-20250130-WA0177-1068x1424.jpg.webp 1068w, https:\/\/elpueblo.com.do\/archivos\/2025\/01\/IMG-20250130-WA0177.jpg 1200w\" data-sizes=\"(max-width: 768px) 100vw, 768px\" src=\"data:image\/svg+xml;base64,PHN2ZyB3aWR0aD0iMSIgaGVpZ2h0PSIxIiB4bWxucz0iaHR0cDovL3d3dy53My5vcmcvMjAwMC9zdmciPjwvc3ZnPg==\" style=\"--smush-placeholder-width: 768px; --smush-placeholder-aspect-ratio: 768\/1024;\" data-smush-webp-fallback=\"{&quot;data-src&quot;:&quot;https:\\\/\\\/elpueblo.com.do\\\/wp-content\\\/uploads\\\/2025\\\/01\\\/IMG-20250130-WA0177-768x1024.jpg&quot;,&quot;data-srcset&quot;:&quot;https:\\\/\\\/elpueblo.com.do\\\/wp-content\\\/uploads\\\/2025\\\/01\\\/IMG-20250130-WA0177-768x1024.jpg 768w, https:\\\/\\\/elpueblo.com.do\\\/wp-content\\\/uploads\\\/2025\\\/01\\\/IMG-20250130-WA0177-225x300.jpg 225w, https:\\\/\\\/elpueblo.com.do\\\/wp-content\\\/uploads\\\/2025\\\/01\\\/IMG-20250130-WA0177-1152x1536.jpg 1152w, https:\\\/\\\/elpueblo.com.do\\\/wp-content\\\/uploads\\\/2025\\\/01\\\/IMG-20250130-WA0177-315x420.jpg 315w, https:\\\/\\\/elpueblo.com.do\\\/wp-content\\\/uploads\\\/2025\\\/01\\\/IMG-20250130-WA0177-696x928.jpg 696w, https:\\\/\\\/elpueblo.com.do\\\/wp-content\\\/uploads\\\/2025\\\/01\\\/IMG-20250130-WA0177-1068x1424.jpg 1068w, https:\\\/\\\/elpueblo.com.do\\\/wp-content\\\/uploads\\\/2025\\\/01\\\/IMG-20250130-WA0177.jpg 1200w&quot;}\" \/><\/figure>\n<\/figure>\n\n\n\n\n\n<figure class=\"wp-block-gallery has-nested-images columns-default is-cropped wp-block-gallery-2 is-layout-flex wp-block-gallery-is-layout-flex\"><\/figure>\n\n\n\n<figure class=\"wp-block-gallery has-nested-images columns-default is-cropped wp-block-gallery-3 is-layout-flex wp-block-gallery-is-layout-flex\"><\/figure>\n","protected":false},"excerpt":{"rendered":"<p>Tegucigalpa, Honduras \u2013 En el marco de los esfuerzos por fortalecer los lazos entre la Rep\u00fablica Dominicana y su representaci\u00f3n diplom\u00e1tica en el exterior, el senador Julito Fulcar Encarnaci\u00f3n realiz\u00f3 una visita oficial a la Embajada dominicana en Honduras. La delegaci\u00f3n fue recibida por el embajador Luis Bienvenido Garc\u00eda Mercado, junto a miembros del cuerpo [&hellip;]<\/p>\n","protected":false},"author":6,"featured_media":0,"comment_status":"open","ping_status":"open","sticky":false,"template":"","format":"standard","meta":{"footnotes":""},"categories":[34],"tags":[],"class_list":{"0":"post-1739","1":"post","2":"type-post","3":"status-publish","4":"format-standard","6":"category-politica"},"_links":{"self":[{"href":"https:\/\/elpueblo.com.do\/api-json\/wp\/v2\/posts\/1739","targetHints":{"allow":["GET"]}}],"collection":[{"href":"https:\/\/elpueblo.com.do\/api-json\/wp\/v2\/posts"}],"about":[{"href":"https:\/\/elpueblo.com.do\/api-json\/wp\/v2\/types\/post"}],"author":[{"embeddable":true,"href":"https:\/\/elpueblo.com.do\/api-json\/wp\/v2\/users\/6"}],"replies":[{"embeddable":true,"href":"https:\/\/elpueblo.com.do\/api-json\/wp\/v2\/comments?post=1739"}],"version-history":[{"count":0,"href":"https:\/\/elpueblo.com.do\/api-json\/wp\/v2\/posts\/1739\/revisions"}],"wp:attachment":[{"href":"https:\/\/elpueblo.com.do\/api-json\/wp\/v2\/media?parent=1739"}],"wp:term":[{"taxonomy":"category","embeddable":true,"href":"https:\/\/elpueblo.com.do\/api-json\/wp\/v2\/categories?post=1739"},{"taxonomy":"post_tag","embeddable":true,"href":"https:\/\/elpueblo.com.do\/api-json\/wp\/v2\/tags?post=1739"}],"curies":[{"name":"wp","href":"https:\/\/api.w.org\/{rel}","templated":true}]}}