{"id":1729,"date":"2025-01-21T13:42:54","date_gmt":"2025-01-21T17:42:54","guid":{"rendered":"https:\/\/elpueblo.com.do\/?p=1729"},"modified":"2025-03-07T14:17:11","modified_gmt":"2025-03-07T18:17:11","slug":"realizan-acto-de-firma-de-carta-de-compromiso-para-la-implementacion-del-plan-estrategico-de-desarrollo-sostenible-de-la-provincia-peravia-2025-2055","status":"publish","type":"post","link":"https:\/\/elpueblo.com.do\/actualidad\/politica\/realizan-acto-de-firma-de-carta-de-compromiso-para-la-implementacion-del-plan-estrategico-de-desarrollo-sostenible-de-la-provincia-peravia-2025-2055\/1729\/","title":{"rendered":"*Realizan Acto de firma de carta de compromiso para la implementaci\u00f3n del Plan Estrat\u00e9gico de Desarrollo Sostenible de la Provincia Peravia 2025-2055"},"content":{"rendered":"\n<p>El Coordinador del Comit\u00e9 Gestor de dicho plan de Desarrollo Provincial, el Senador Julito Fulcar, destac\u00f3 la unidad de todos los sectores de Peravia en torno a esta iniciativa<\/p>\n\n\n\n<p>Ban\u00ed, Provincia Peravia.-<br>Fue realizado el acto oficial para la firma de la carta de compromiso para la puesta en marcha del Plan Estrat\u00e9gico de Desarrollo Sostenible de la Provincia Peravia.<\/p>\n\n\n\n<p>Acompa\u00f1ado de representantes de todos los sectores de la provincia, el senador Julito Fulcar agradeci\u00f3 la unidad mostrada para llevar a cabo la implementaci\u00f3n de este plan de desarrollo provincial peraviano.<\/p>\n\n\n\n<p>\u201cEste no es un plan del gobierno, este es un plan de la provincia Peravia, en el cual el sector privado va a jugar un papel protag\u00f3nico, sabemos que para que haya desarrollo en una naci\u00f3n, tiene que estar involucrado el gobierno facilitando los procesos, pero tambi\u00e9n debe ir de la mano con el sector empresarial\u201d expres\u00f3 Fulcar.<\/p>\n\n\n\n<p>El senador tambi\u00e9n dijo que su objetivo es colocar a Peravia como lider de la planificaci\u00f3n provincial de toda la regi\u00f3n sur de la Rep\u00fablica Dominicana.<\/p>\n\n\n\n<p>De su lado la Gobernadora Provincial, \u00c1ngela Yadira B\u00e1ez, salud\u00f3 la iniciativa del senador peraviano en la implementaci\u00f3n y puesta en marcha de dicho plan estrat\u00e9gico y afirm\u00f3 que ha estado trabajando en ese sentido junto al legislador desde el primer d\u00eda.<\/p>\n\n\n\n<p>Adem\u00e1s del senador y la gobernadora hicieron uso de la palabra los alcaldes del municipio cabecera Santo Ram\u00edrez, de Nizao, Ivan Reyes, por Matanzas Raul Batista quienes felicitaron la iniciativa del lesgislador banilejo y se comprometieron a hacer entrega de los sendos trabajos de desarrollo municipal de sus respectivas localidades para hacerlo llegar al Consejo de Desarrollo Provincial.<\/p>\n\n\n\n<p>Mientras que los diputados peravianos, Willy S\u00e1nchez y Carmen Leyda Scarfullery, ecpresaron su respaldo total esta iniciativa del senador Julito Fulcar, para que la provincia Peravia pueda contar con este instrumento tan vital para su desarrollo a corto, mediano y largo plazo.<\/p>\n\n\n\n<p>Otras personalidades que hicieron uso de la palabra fue el presidente de la Camara de Comercio de la provincia, Juan Carlos Guzman (Blanquito) y el asesor de este consejo de desarrollo provincial, Reynaldo Peguero.<\/p>\n\n\n\n<p>Entre los presentes estuvieron adem\u00e1s, Jos\u00e9 Alberto Herrera, Director Distrito Educativo 03-04, Luz del Alba Dirocie, Directora UASD Ban\u00ed, Arsenio Ortiz, del Grupo de Comunicaciones Ortiz Ruiz, Gregorio Aybar por la ADP, Jes\u00fas B\u00e1ez, Ram\u00f3n de los Santos, Enrique Peguero, Felix Peguero, German B\u00e1ez, On\u00e9simo Mej\u00eda, entre otras personalidades.<\/p>\n\n\n\n<p>Concluida la actividad todos los presentes procedieron a firmar el protocolo del Plan Estrategia de Desarrollo Sostenible de la Provincia Peravia.<\/p>\n\n\n\n<p><img decoding=\"async\" width=\"150\" height=\"75\" class=\"wp-image-1730 lazyload\" style=\"--smush-placeholder-width: 150px; --smush-placeholder-aspect-ratio: 150\/75;width: 150px;\" data-src=\"https:\/\/elpueblo.com.do\/sources\/smush-webp\/2025\/01\/IMG-20250120-WA0088.jpg.webp\" alt=\"\" data-srcset=\"https:\/\/elpueblo.com.do\/sources\/smush-webp\/2025\/01\/IMG-20250120-WA0088.jpg.webp 1057w, https:\/\/elpueblo.com.do\/sources\/smush-webp\/2025\/01\/IMG-20250120-WA0088-300x150.jpg.webp 300w, https:\/\/elpueblo.com.do\/sources\/smush-webp\/2025\/01\/IMG-20250120-WA0088-1024x512.jpg.webp 1024w, https:\/\/elpueblo.com.do\/sources\/smush-webp\/2025\/01\/IMG-20250120-WA0088-768x384.jpg.webp 768w, https:\/\/elpueblo.com.do\/sources\/smush-webp\/2025\/01\/IMG-20250120-WA0088-839x420.jpg.webp 839w, https:\/\/elpueblo.com.do\/sources\/smush-webp\/2025\/01\/IMG-20250120-WA0088-696x348.jpg.webp 696w, https:\/\/elpueblo.com.do\/sources\/smush-webp\/2025\/01\/IMG-20250120-WA0088-324x160.jpg.webp 324w\" data-sizes=\"(max-width: 150px) 100vw, 150px\" src=\"data:image\/svg+xml;base64,PHN2ZyB3aWR0aD0iMSIgaGVpZ2h0PSIxIiB4bWxucz0iaHR0cDovL3d3dy53My5vcmcvMjAwMC9zdmciPjwvc3ZnPg==\" data-smush-webp-fallback=\"{&quot;data-src&quot;:&quot;https:\\\/\\\/elpueblo.com.do\\\/wp-content\\\/uploads\\\/2025\\\/01\\\/IMG-20250120-WA0088.jpg&quot;,&quot;data-srcset&quot;:&quot;https:\\\/\\\/elpueblo.com.do\\\/wp-content\\\/uploads\\\/2025\\\/01\\\/IMG-20250120-WA0088.jpg 1057w, https:\\\/\\\/elpueblo.com.do\\\/wp-content\\\/uploads\\\/2025\\\/01\\\/IMG-20250120-WA0088-300x150.jpg 300w, https:\\\/\\\/elpueblo.com.do\\\/wp-content\\\/uploads\\\/2025\\\/01\\\/IMG-20250120-WA0088-1024x512.jpg 1024w, https:\\\/\\\/elpueblo.com.do\\\/wp-content\\\/uploads\\\/2025\\\/01\\\/IMG-20250120-WA0088-768x384.jpg 768w, https:\\\/\\\/elpueblo.com.do\\\/wp-content\\\/uploads\\\/2025\\\/01\\\/IMG-20250120-WA0088-839x420.jpg 839w, https:\\\/\\\/elpueblo.com.do\\\/wp-content\\\/uploads\\\/2025\\\/01\\\/IMG-20250120-WA0088-696x348.jpg 696w, https:\\\/\\\/elpueblo.com.do\\\/wp-content\\\/uploads\\\/2025\\\/01\\\/IMG-20250120-WA0088-324x160.jpg 324w&quot;}\" \/><\/p>\n","protected":false},"excerpt":{"rendered":"<p>El Coordinador del Comit\u00e9 Gestor de dicho plan de Desarrollo Provincial, el Senador Julito Fulcar, destac\u00f3 la unidad de todos los sectores de Peravia en torno a esta iniciativa Ban\u00ed, Provincia Peravia.-Fue realizado el acto oficial para la firma de la carta de compromiso para la puesta en marcha del Plan Estrat\u00e9gico de Desarrollo Sostenible [&hellip;]<\/p>\n","protected":false},"author":6,"featured_media":0,"comment_status":"open","ping_status":"open","sticky":false,"template":"","format":"standard","meta":{"footnotes":""},"categories":[34],"tags":[],"class_list":{"0":"post-1729","1":"post","2":"type-post","3":"status-publish","4":"format-standard","6":"category-politica"},"_links":{"self":[{"href":"https:\/\/elpueblo.com.do\/api-json\/wp\/v2\/posts\/1729","targetHints":{"allow":["GET"]}}],"collection":[{"href":"https:\/\/elpueblo.com.do\/api-json\/wp\/v2\/posts"}],"about":[{"href":"https:\/\/elpueblo.com.do\/api-json\/wp\/v2\/types\/post"}],"author":[{"embeddable":true,"href":"https:\/\/elpueblo.com.do\/api-json\/wp\/v2\/users\/6"}],"replies":[{"embeddable":true,"href":"https:\/\/elpueblo.com.do\/api-json\/wp\/v2\/comments?post=1729"}],"version-history":[{"count":0,"href":"https:\/\/elpueblo.com.do\/api-json\/wp\/v2\/posts\/1729\/revisions"}],"wp:attachment":[{"href":"https:\/\/elpueblo.com.do\/api-json\/wp\/v2\/media?parent=1729"}],"wp:term":[{"taxonomy":"category","embeddable":true,"href":"https:\/\/elpueblo.com.do\/api-json\/wp\/v2\/categories?post=1729"},{"taxonomy":"post_tag","embeddable":true,"href":"https:\/\/elpueblo.com.do\/api-json\/wp\/v2\/tags?post=1729"}],"curies":[{"name":"wp","href":"https:\/\/api.w.org\/{rel}","templated":true}]}}