{"id":1726,"date":"2025-01-14T12:25:11","date_gmt":"2025-01-14T16:25:11","guid":{"rendered":"https:\/\/elpueblo.com.do\/?p=1726"},"modified":"2025-03-07T14:17:25","modified_gmt":"2025-03-07T18:17:25","slug":"senador-julito-fulcar-anuncia-inicio-de-asfaltado-en-salinas-15-kilometros-seran-intervenidos-desde-la-comunidad-de-caldera","status":"publish","type":"post","link":"https:\/\/elpueblo.com.do\/actualidad\/politica\/senador-julito-fulcar-anuncia-inicio-de-asfaltado-en-salinas-15-kilometros-seran-intervenidos-desde-la-comunidad-de-caldera\/1726\/","title":{"rendered":"Senador Julito Fulcar anuncia inicio de asfaltado en Salinas; 15 kil\u00f3metros ser\u00e1n intervenidos desde la comunidad de Caldera"},"content":{"rendered":"\n<p>Peravia, R.D. \u2013 El senador de la provincia Peravia, Julito Fulcar, anunci\u00f3 que martes se dar\u00e1 inicio formalmente a los trabajos de asfaltado de 15 kil\u00f3metros de carretera en la comunidad Salinas, comenzando desde la comunidad de Caldera.<\/p>\n\n\n\n<p>El anuncio se realiz\u00f3 durante una visita de inspecci\u00f3n a la zona, en la que Fulcar estuvo acompa\u00f1ado por la gobernadora provincial, \u00c1ngela Yadira B\u00e1ez, y una comisi\u00f3n de t\u00e9cnicos y colaboradores del MOPC.<\/p>\n\n\n\n<p>Durante su intervenci\u00f3n, el senador destac\u00f3 que los equipos y maquinarias necesarios para el asfaltado ya se encuentran en el lugar, garantizando que los trabajos inicien puntualmente este martes.<\/p>\n\n\n\n<p>\u201cEste asfaltado marca un paso importante para mejorar la calidad de vida de los residentes de Salinas. Estamos hablando de una v\u00eda clave que impactar\u00e1 el tr\u00e1nsito, la econom\u00eda local y el desarrollo tur\u00edstico de esta zona. Desde hoy, los equipos est\u00e1n preparados para arrancar ma\u00f1ana con fuerza, y esto es solo el comienzo de muchas mejoras que hemos gestionado para nuestra provincia\u201d, expres\u00f3 Fulcar.<\/p>\n\n\n\n<p>La gobernadora \u00c1ngela Yadira B\u00e1ez tambi\u00e9n ofreci\u00f3 declaraciones, subrayando la importancia de este proyecto para las comunidades locales.<br>\u201cEl asfaltado de estos 15 kil\u00f3metros no solo mejorar\u00e1 la conectividad, sino que tambi\u00e9n dar\u00e1 un impulso significativo al comercio y al turismo. Este es un ejemplo del trabajo conjunto que podemos lograr entre las autoridades provinciales y el gobierno central\u201d, se\u00f1al\u00f3.<\/p>\n\n\n\n<p>Adem\u00e1s de facilitar el tr\u00e1nsito de los habitantes de Salinas y sus alrededores, esta intervenci\u00f3n se espera que tenga un impacto directo en sectores estrat\u00e9gicos como la agroindustria, el turismo y el acceso a servicios esenciales, beneficiando a cientos de personas en la zona.<\/p>\n\n\n\n<p>Esta importante obra es parte de los esfuerzos coordinados entre el legislador, el Ministerio de Obras P\u00fablicas y Comunicaciones (MOPC), as\u00ed como las autoridades provinciales para fortalecer la infraestructura vial de Peravia.<\/p>\n\n\n\n<p>La comunidad de Salinas ha mostrado su apoyo y agradecimiento por esta iniciativa, valorando la respuesta efectiva del senador Julito Fulcar y las autoridades competentes para poner en marcha este proyecto que por a\u00f1os hab\u00eda sido una necesidad pendiente.<\/p>\n\n\n\n<p>Lunes 13 de enero 2025<\/p>\n\n\n\n<p>Direcci\u00f3n de Comunicaciones<br>Oficina del Senador Julito Fulcar<\/p>\n\n\n\n<p><\/p>\n","protected":false},"excerpt":{"rendered":"<p>Peravia, R.D. \u2013 El senador de la provincia Peravia, Julito Fulcar, anunci\u00f3 que martes se dar\u00e1 inicio formalmente a los trabajos de asfaltado de 15 kil\u00f3metros de carretera en la comunidad Salinas, comenzando desde la comunidad de Caldera. El anuncio se realiz\u00f3 durante una visita de inspecci\u00f3n a la zona, en la que Fulcar estuvo [&hellip;]<\/p>\n","protected":false},"author":6,"featured_media":0,"comment_status":"open","ping_status":"open","sticky":false,"template":"","format":"standard","meta":{"footnotes":""},"categories":[34],"tags":[],"class_list":{"0":"post-1726","1":"post","2":"type-post","3":"status-publish","4":"format-standard","6":"category-politica"},"_links":{"self":[{"href":"https:\/\/elpueblo.com.do\/api-json\/wp\/v2\/posts\/1726","targetHints":{"allow":["GET"]}}],"collection":[{"href":"https:\/\/elpueblo.com.do\/api-json\/wp\/v2\/posts"}],"about":[{"href":"https:\/\/elpueblo.com.do\/api-json\/wp\/v2\/types\/post"}],"author":[{"embeddable":true,"href":"https:\/\/elpueblo.com.do\/api-json\/wp\/v2\/users\/6"}],"replies":[{"embeddable":true,"href":"https:\/\/elpueblo.com.do\/api-json\/wp\/v2\/comments?post=1726"}],"version-history":[{"count":0,"href":"https:\/\/elpueblo.com.do\/api-json\/wp\/v2\/posts\/1726\/revisions"}],"wp:attachment":[{"href":"https:\/\/elpueblo.com.do\/api-json\/wp\/v2\/media?parent=1726"}],"wp:term":[{"taxonomy":"category","embeddable":true,"href":"https:\/\/elpueblo.com.do\/api-json\/wp\/v2\/categories?post=1726"},{"taxonomy":"post_tag","embeddable":true,"href":"https:\/\/elpueblo.com.do\/api-json\/wp\/v2\/tags?post=1726"}],"curies":[{"name":"wp","href":"https:\/\/api.w.org\/{rel}","templated":true}]}}