{"id":1722,"date":"2025-01-13T11:41:17","date_gmt":"2025-01-13T15:41:17","guid":{"rendered":"https:\/\/elpueblo.com.do\/?p=1722"},"modified":"2025-03-07T14:17:48","modified_gmt":"2025-03-07T18:17:48","slug":"senador-julito-fulcar-inicia-construccion-de-vivienda-para-familia-afectada-por-incendio-en-carreton","status":"publish","type":"post","link":"https:\/\/elpueblo.com.do\/actualidad\/politica\/senador-julito-fulcar-inicia-construccion-de-vivienda-para-familia-afectada-por-incendio-en-carreton\/1722\/","title":{"rendered":"Senador Julito Fulcar inicia construcci\u00f3n de vivienda para familia afectada por incendio en Carret\u00f3n"},"content":{"rendered":"\n<p>El legislador se comprometi\u00f3 a amueblar una vez sea concluida su construcci\u00f3n.<\/p>\n\n\n\n<p>Peravia, R.D. \u2013 Este viernes, el senador de la provincia Peravia, Julito Fulcar, dio inicio a la construcci\u00f3n de una nueva vivienda para la se\u00f1ora Morelia Ub\u00e9n en el distrito municipal de Carret\u00f3n, tras haber perdido todas sus pertenencias en un incendio ocurrido el pasado 30 de diciembre.<\/p>\n\n\n\n<p>El caso de la se\u00f1ora Ub\u00e9n, madre soltera de cinco hijos, fue presentado al senador la semana pasada por el se\u00f1or Anderson, quien le solicit\u00f3 ayuda para la familia. En respuesta inmediata, Fulcar se traslad\u00f3 al lugar, comprometi\u00e9ndose a regresar con soluciones concretas.<\/p>\n\n\n\n<p>Cumpliendo con su promesa, el legislador retorn\u00f3 hoy a Carret\u00f3n acompa\u00f1ado de la directora distrital, Josefina B\u00e1ez, un maestro constructor, alba\u00f1iles y residentes de la comunidad, donde entreg\u00f3 todos los materiales necesarios para iniciar la construcci\u00f3n de la vivienda, comprometi\u00e9ndose tambi\u00e9n a amueblarla una vez finalizada.<\/p>\n\n\n\n<p>\u201cEstamos aqu\u00ed para brindar el apoyo necesario a esta familia, que atraviesa un momento dif\u00edcil. Nuestro compromiso es con nuestra gente, y seguiremos trabajando para atender este tipo de necesidades en nuestra provincia\u201d, expres\u00f3 el senador Fulcar durante el inicio de los trabajos.<\/p>\n\n\n\n<p>La directora distrital Josefina B\u00e1ez agradeci\u00f3 la iniciativa del senador, destacando su pronta respuesta ante una situaci\u00f3n de urgencia. \u201cDesde la junta distrital no contamos con los recursos suficientes para atender casos como este, por lo que acciones como estas son sumamente valiosas para nuestra comunidad\u201d, manifest\u00f3 B\u00e1ez.<\/p>\n\n\n\n<p>Por su parte, la se\u00f1ora Morelia Ub\u00e9n expres\u00f3 su agradecimiento al senador, se\u00f1alando que, sin su ayuda, no habr\u00eda podido ni siquiera comenzar la construcci\u00f3n de su nuevo hogar.<\/p>\n\n\n\n<p>La comunidad de Carret\u00f3n celebr\u00f3 esta acci\u00f3n solidaria del senador Fulcar, destacando su compromiso con las familias m\u00e1s necesitadas de la provincia Peravia.<\/p>\n","protected":false},"excerpt":{"rendered":"<p>El legislador se comprometi\u00f3 a amueblar una vez sea concluida su construcci\u00f3n. Peravia, R.D. \u2013 Este viernes, el senador de la provincia Peravia, Julito Fulcar, dio inicio a la construcci\u00f3n de una nueva vivienda para la se\u00f1ora Morelia Ub\u00e9n en el distrito municipal de Carret\u00f3n, tras haber perdido todas sus pertenencias en un incendio ocurrido [&hellip;]<\/p>\n","protected":false},"author":1,"featured_media":1724,"comment_status":"open","ping_status":"open","sticky":false,"template":"","format":"standard","meta":{"footnotes":""},"categories":[34,39],"tags":[],"class_list":{"0":"post-1722","1":"post","2":"type-post","3":"status-publish","4":"format-standard","5":"has-post-thumbnail","7":"category-politica","8":"category-sociales"},"_links":{"self":[{"href":"https:\/\/elpueblo.com.do\/api-json\/wp\/v2\/posts\/1722","targetHints":{"allow":["GET"]}}],"collection":[{"href":"https:\/\/elpueblo.com.do\/api-json\/wp\/v2\/posts"}],"about":[{"href":"https:\/\/elpueblo.com.do\/api-json\/wp\/v2\/types\/post"}],"author":[{"embeddable":true,"href":"https:\/\/elpueblo.com.do\/api-json\/wp\/v2\/users\/1"}],"replies":[{"embeddable":true,"href":"https:\/\/elpueblo.com.do\/api-json\/wp\/v2\/comments?post=1722"}],"version-history":[{"count":0,"href":"https:\/\/elpueblo.com.do\/api-json\/wp\/v2\/posts\/1722\/revisions"}],"wp:featuredmedia":[{"embeddable":true,"href":"https:\/\/elpueblo.com.do\/api-json\/wp\/v2\/media\/1724"}],"wp:attachment":[{"href":"https:\/\/elpueblo.com.do\/api-json\/wp\/v2\/media?parent=1722"}],"wp:term":[{"taxonomy":"category","embeddable":true,"href":"https:\/\/elpueblo.com.do\/api-json\/wp\/v2\/categories?post=1722"},{"taxonomy":"post_tag","embeddable":true,"href":"https:\/\/elpueblo.com.do\/api-json\/wp\/v2\/tags?post=1722"}],"curies":[{"name":"wp","href":"https:\/\/api.w.org\/{rel}","templated":true}]}}