{"id":1648,"date":"2024-10-21T13:15:45","date_gmt":"2024-10-21T17:15:45","guid":{"rendered":"https:\/\/elpueblo.com.do\/?p=1648"},"modified":"2025-03-07T14:18:35","modified_gmt":"2025-03-07T18:18:35","slug":"roberto-fulcar-pondera-retiro-proyecto-de-modernizacion-fiscal","status":"publish","type":"post","link":"https:\/\/elpueblo.com.do\/actualidad\/politica\/roberto-fulcar-pondera-retiro-proyecto-de-modernizacion-fiscal\/1648\/","title":{"rendered":"Roberto Fulcar pondera retiro proyecto de Modernizaci\u00f3n Fiscal"},"content":{"rendered":"\n<p>Afirma Luis Abinader planta hito de humildad, tolerancia y empat\u00eda gubernamental.<\/p>\n\n\n\n<p>En presidente de la Comisi\u00f3n Nacional de Estrategia del Partido Revolucionario Moderno, Roberto Fulcar, ponder\u00f3 como un acto enaltecedor la decisi\u00f3n del presidente Luis Abinader de retirar del Congreso Nacional el proyecto de Ley de Modernizaci\u00f3n Fiscal, afirmando que este acto no s\u00f3lo refleja la humildad, tolerancia y empat\u00eda del presidente hacia el sentir del pueblo, sino que adem\u00e1s desmantela los aprestos de sectores opositores por generar confrontaciones y agitaci\u00f3n pol\u00edtica en el pa\u00eds.<\/p>\n\n\n\n<p>\u201cEste d\u00eda debe ser recordado como un ejemplo para todos los l\u00edderes pol\u00edticos dominicanos, porque el presidente Abinader, con este gesto de humildad, demuestra lo que significa ejercer un liderazgo verdaderamente democr\u00e1tico. El retiro de un proyecto que pudo haber sido aprobado con facilidad por la mayor\u00eda congresual del PRM subraya su compromiso de gobernar escuchando a la gente, priorizando el bienestar de la naci\u00f3n sobre los intereses partidistas\u00bb, afirm\u00f3 Fulcar.<\/p>\n\n\n\n<p>El, pasado ministro de Educaci\u00f3n a\u00f1adi\u00f3 que este d\u00eda deber\u00eda servir como un llamado de atenci\u00f3n a todos los actores pol\u00edticos para que comprendan que, sin importar las diferencias, somos una sola naci\u00f3n. \u201cOjal\u00e1 el liderazgo pol\u00edtico comprenda que, por encima de las diferencias, debemos avanzar juntos, sin sectarismos ni retaliaciones, sino con un ejercicio de liderazgo responsable y trascendente, orientado hacia el bienestar com\u00fan\u00bb<\/p>\n\n\n\n<p>\u00abEl presidente Abinader, al tomar esta decisi\u00f3n, no solo reafirma su calidad de dem\u00f3crata, sino que tambi\u00e9n desarma los planes de aquellos que intentaban aprovechar la propuesta de Modernizaci\u00f3n Fiscal para fomentar la inestabilidad y polarizaci\u00f3n. Su disposici\u00f3n a rectificar y dialogar refuerza su imagen como un gobernante cercano al pueblo, un l\u00edder que pone el inter\u00e9s nacional por encima de cualquier c\u00e1lculo pol\u00edtico\u00bb, afirm\u00f3 el destacado dirigente perremeista.<\/p>\n\n\n\n<p>El Dr. Fulcar enfatiz\u00f3 en que \u00abHoy, m\u00e1s que nunca, necesitamos construir un pa\u00eds unido, donde las decisiones se tomen pensando en el bienestar de todos los dominicanos, no en divisiones artificiales. El liderazgo responsable, como el que ha demostrado el presidente Abinader, es el que necesitamos para seguir avanzando como naci\u00f3n\u00bb, concluy\u00f3 Fulcar.<\/p>\n\n\n\n<p>Este gesto, seg\u00fan el ministro Roberto Fulcar, no solo refuerza la estabilidad pol\u00edtica y social del pa\u00eds, sino que tambi\u00e9n marca un hito en la historia democr\u00e1tica de la Rep\u00fablica Dominicana, dejando un legado de humildad, empat\u00eda y verdadero compromiso con el pueblo dominicano.<br>TEXTO FORMAL PARA POST<br>La decisi\u00f3n del presidente Luis Abinader, de retirar del congreso el Proyecto de Modernizaci\u00f3n Fiscal, es un acto de alta responsabilidad pol\u00edtica y de estado. Con ese paso, inc\u00f3modo por dem\u00e1s, nuestro presidente acaba de implantar un hito de humildad, tolerancia y empat\u00eda gubernamental que pasar\u00e1 a la historia.<\/p>\n\n\n\n<p>Es tambi\u00e9n un elevado servicio a la tranquilidad y sociego de la sociedad dominicana, porque desalienta los aprestos de sectores opositores irresponsables por generar confrontaciones y agitaci\u00f3n pol\u00edtica en el pa\u00eds.<\/p>\n\n\n\n<p>Este d\u00eda debe ser recordado como un ejemplo para todos los l\u00edderes pol\u00edticos dominicanos, porque el presidente Abinader, con su gesto de humildad, demuestra lo que significa ejercer un liderazgo verdaderamente democr\u00e1tico. El retiro de un proyecto que pudo haber sido aprobado con facilidad por la mayor\u00eda congresual del PRM subraya su compromiso de gobernar escuchando a la gente y priorizando la voluntad de la naci\u00f3n sobre los intereses partidistas.<\/p>\n\n\n\n<p>Esta decisi\u00f3n del presidente debe servir de llamado de atenci\u00f3n a todos los actores pol\u00edticos para que asumamos que, sin importar las diferencias, somos una sola naci\u00f3n. Ojal\u00e1 el liderazgo pol\u00edtico dominicano comprenda que, por encima de las diferencias, debemos avanzar juntos, sin sectarismos ni retaliaciones, sino con un ejercicio de liderazgo responsable y trascendente, orientado hacia el bienestar com\u00fan.<\/p>\n\n\n\n<p>Al tomar esa decisi\u00f3n, el presidente Abinader no solo reafirma su vocaci\u00f3n democr\u00e1tica, sino que tambi\u00e9n desarma los planes de aquellos que intentaban aprovechar la propuesta de Modernizaci\u00f3n Fiscal para fomentar la inestabilidad y la polarizaci\u00f3n. Su disposici\u00f3n a escuchar y dialogar refuerza su imagen como un gobernante cercano al pueblo, un l\u00edder que pone el inter\u00e9s nacional por encima de cualquier c\u00e1lculo pol\u00edtico.<\/p>\n\n\n\n<p>Hoy, m\u00e1s que nunca, necesitamos construir un pa\u00eds unido, donde las decisiones se adopten pensando en el bienestar de todos los dominicanos, no en divisiones artificiales. El liderazgo responsable, como el que ha demostrado el presidente Abinader, es el que necesitamos para seguir avanzando como naci\u00f3n.<\/p>\n\n\n\n<p>Su gesto no solo refuerza la estabilidad pol\u00edtica y social del pa\u00eds, sino que tambi\u00e9n marca un hito en la historia democr\u00e1tica de la Rep\u00fablica Dominicana, dejando un legado de humildad, tolerancia, empat\u00eda y verdadero compromiso con el pueblo dominicano.<br>.<\/p>\n","protected":false},"excerpt":{"rendered":"<p>Afirma Luis Abinader planta hito de humildad, tolerancia y empat\u00eda gubernamental. En presidente de la Comisi\u00f3n Nacional de Estrategia del Partido Revolucionario Moderno, Roberto Fulcar, ponder\u00f3 como un acto enaltecedor la decisi\u00f3n del presidente Luis Abinader de retirar del Congreso Nacional el proyecto de Ley de Modernizaci\u00f3n Fiscal, afirmando que este acto no s\u00f3lo refleja [&hellip;]<\/p>\n","protected":false},"author":1,"featured_media":1649,"comment_status":"open","ping_status":"open","sticky":false,"template":"","format":"standard","meta":{"footnotes":""},"categories":[424,34],"tags":[],"class_list":{"0":"post-1648","1":"post","2":"type-post","3":"status-publish","4":"format-standard","5":"has-post-thumbnail","7":"category-destacados","8":"category-politica"},"_links":{"self":[{"href":"https:\/\/elpueblo.com.do\/api-json\/wp\/v2\/posts\/1648","targetHints":{"allow":["GET"]}}],"collection":[{"href":"https:\/\/elpueblo.com.do\/api-json\/wp\/v2\/posts"}],"about":[{"href":"https:\/\/elpueblo.com.do\/api-json\/wp\/v2\/types\/post"}],"author":[{"embeddable":true,"href":"https:\/\/elpueblo.com.do\/api-json\/wp\/v2\/users\/1"}],"replies":[{"embeddable":true,"href":"https:\/\/elpueblo.com.do\/api-json\/wp\/v2\/comments?post=1648"}],"version-history":[{"count":0,"href":"https:\/\/elpueblo.com.do\/api-json\/wp\/v2\/posts\/1648\/revisions"}],"wp:featuredmedia":[{"embeddable":true,"href":"https:\/\/elpueblo.com.do\/api-json\/wp\/v2\/media\/1649"}],"wp:attachment":[{"href":"https:\/\/elpueblo.com.do\/api-json\/wp\/v2\/media?parent=1648"}],"wp:term":[{"taxonomy":"category","embeddable":true,"href":"https:\/\/elpueblo.com.do\/api-json\/wp\/v2\/categories?post=1648"},{"taxonomy":"post_tag","embeddable":true,"href":"https:\/\/elpueblo.com.do\/api-json\/wp\/v2\/tags?post=1648"}],"curies":[{"name":"wp","href":"https:\/\/api.w.org\/{rel}","templated":true}]}}