{"id":1642,"date":"2024-10-08T13:04:59","date_gmt":"2024-10-08T17:04:59","guid":{"rendered":"https:\/\/elpueblo.com.do\/?p=1642"},"modified":"2024-10-08T13:05:02","modified_gmt":"2024-10-08T17:05:02","slug":"miguel-camacho-destaca-los-beneficios-de-la-reforma-fiscal","status":"publish","type":"post","link":"https:\/\/elpueblo.com.do\/actualidad\/miguel-camacho-destaca-los-beneficios-de-la-reforma-fiscal\/1642\/","title":{"rendered":"Miguel Camacho destaca los beneficios de la reforma fiscal"},"content":{"rendered":"\n<p>Santo Domingo: El ingeniero Miguel Camacho, presidente del Movimiento Avanzada Democr\u00e1tica Moderna, expres\u00f3 su firme apoyo a la reforma fiscal presentada por el presidente Luis Abinader, destacando que esta medida representa un avance significativo para mejorar las condiciones de los sectores m\u00e1s vulnerables, impulsar la inversi\u00f3n p\u00fablica, y fortalecer la equidad fiscal en la Rep\u00fablica Dominicana.<\/p>\n\n\n\n<p>Camacho subray\u00f3 que uno de los ejes fundamentales de la reforma es la protecci\u00f3n social, ya que contempla medidas que beneficiar\u00e1n directamente a las familias de escasos recursos. \u00abEl fortalecimiento de los programas de asistencia social es un pilar de esta reforma, lo que permitir\u00e1 que m\u00e1s dominicanos accedan a servicios esenciales como la salud y la educaci\u00f3n. Esto es crucial para reducir las desigualdades y mejorar la calidad de vida de los m\u00e1s vulnerables\u00bb, destac\u00f3.<\/p>\n\n\n\n<p>En cuanto a los programas de inversi\u00f3n p\u00fablica y los gastos priorizados, Camacho consider\u00f3 que la reforma fiscal es una herramienta clave para aumentar los ingresos del gobierno y asegurar una inversi\u00f3n eficiente en \u00e1reas prioritarias como infraestructura, educaci\u00f3n y salud. \u00abEsta reforma no solo garantiza una mayor recaudaci\u00f3n, sino que asegura que los recursos se destinen a proyectos que generen un impacto positivo en la sociedad y la econom\u00eda, lo cual es indispensable para el desarrollo sostenible del pa\u00eds\u00bb, afirm\u00f3.<\/p>\n\n\n\n<p>El dirigente politico tambi\u00e9n elogi\u00f3 que esta reforma apuesta a la modernizaci\u00f3n del sistema tributario y las medidas para combatir la evasi\u00f3n fiscal. \u00abEs vital que los empresarios y contribuyentes cumplan con sus obligaciones de manera equitativa. La reforma busca precisamente eliminar las desigualdades en el pago de impuestos, lo que promover\u00e1 una mayor justicia fiscal. Esto, combinado con un sistema tributario m\u00e1s moderno y transparente, permitir\u00e1 un crecimiento econ\u00f3mico m\u00e1s equilibrado\u00bb, concluy\u00f3 Camacho, reafirmando su total respaldo a la iniciativa gubernamental.<\/p>\n","protected":false},"excerpt":{"rendered":"<p>Santo Domingo: El ingeniero Miguel Camacho, presidente del Movimiento Avanzada Democr\u00e1tica Moderna, expres\u00f3 su firme apoyo a la reforma fiscal presentada por el presidente Luis Abinader, destacando que esta medida representa un avance significativo para mejorar las condiciones de los sectores m\u00e1s vulnerables, impulsar la inversi\u00f3n p\u00fablica, y fortalecer la equidad fiscal en la Rep\u00fablica [&hellip;]<\/p>\n","protected":false},"author":1,"featured_media":1643,"comment_status":"open","ping_status":"open","sticky":false,"template":"","format":"standard","meta":{"footnotes":""},"categories":[32,41,34],"tags":[388,419,299],"class_list":{"0":"post-1642","1":"post","2":"type-post","3":"status-publish","4":"format-standard","5":"has-post-thumbnail","7":"category-actualidad","8":"category-economia","9":"category-politica","10":"tag-miguel-camacho","11":"tag-reforma-fiscal","12":"tag-republica-dominicana"},"_links":{"self":[{"href":"https:\/\/elpueblo.com.do\/api-json\/wp\/v2\/posts\/1642","targetHints":{"allow":["GET"]}}],"collection":[{"href":"https:\/\/elpueblo.com.do\/api-json\/wp\/v2\/posts"}],"about":[{"href":"https:\/\/elpueblo.com.do\/api-json\/wp\/v2\/types\/post"}],"author":[{"embeddable":true,"href":"https:\/\/elpueblo.com.do\/api-json\/wp\/v2\/users\/1"}],"replies":[{"embeddable":true,"href":"https:\/\/elpueblo.com.do\/api-json\/wp\/v2\/comments?post=1642"}],"version-history":[{"count":0,"href":"https:\/\/elpueblo.com.do\/api-json\/wp\/v2\/posts\/1642\/revisions"}],"wp:featuredmedia":[{"embeddable":true,"href":"https:\/\/elpueblo.com.do\/api-json\/wp\/v2\/media\/1643"}],"wp:attachment":[{"href":"https:\/\/elpueblo.com.do\/api-json\/wp\/v2\/media?parent=1642"}],"wp:term":[{"taxonomy":"category","embeddable":true,"href":"https:\/\/elpueblo.com.do\/api-json\/wp\/v2\/categories?post=1642"},{"taxonomy":"post_tag","embeddable":true,"href":"https:\/\/elpueblo.com.do\/api-json\/wp\/v2\/tags?post=1642"}],"curies":[{"name":"wp","href":"https:\/\/api.w.org\/{rel}","templated":true}]}}