{"id":1640,"date":"2024-10-02T14:17:30","date_gmt":"2024-10-02T18:17:30","guid":{"rendered":"https:\/\/elpueblo.com.do\/?p=1640"},"modified":"2024-10-02T14:17:33","modified_gmt":"2024-10-02T18:17:33","slug":"senador-julito-fulcar-supervisa-remozamiento-del-hospital-nuestra-senora-de-regla","status":"publish","type":"post","link":"https:\/\/elpueblo.com.do\/actualidad\/senador-julito-fulcar-supervisa-remozamiento-del-hospital-nuestra-senora-de-regla\/1640\/","title":{"rendered":"Senador Julito Fulcar supervisa remozamiento del Hospital Nuestra Se\u00f1ora de Regla."},"content":{"rendered":"\n<p>Ban\u00ed, Provincia Peravia.- El senador por la provinvia Peravia Julito Fulcar Encarnaci\u00f3n, realiz\u00f3 un recorrido por las instalaciones del Hospital Nuestra Se\u00f1ora de Regla, a los fines de supervisar los trabajos de remozamiento del centro.<\/p>\n\n\n\n<p>Al concluir el recorrido, el senador resalt\u00f3 el gran avance que presenta la obra y estima ya a finales de a\u00f1o este terminado. \u201cEsta es una obra que consideramos es practicamente nueva, estamos muy contentos de que el proceso est\u00e9 avanzando rapido\u201d expres\u00f3 Fulcar.<\/p>\n\n\n\n<p>Fulcar resalt\u00f3 la preocupaci\u00f3n del presidente Luis Abinader, qui\u00e9n est\u00e1 al tanto de los avances de los trabajos y se mantiene en constante seguimiento.<\/p>\n\n\n\n<p>\u201cPor lo que hemos conversado con el ingeniero, esta obra ya en tres meses esta terminada, estimamos que para enero 2025 ya estamos inaugurando, no ha sido facil el proceso pero hemos puesto todos los recursos necesarios para que sea una realidad\u201d manifest\u00f3 el senador Fulcar.<\/p>\n\n\n\n<p>De su lado el Director del Hospital, Jos\u00e9 Lara, agradeci\u00f3 la preocupaci\u00f3n del senador por gestionar esta obra para el uso de los ciudadanos de la provincia y zonas aleda\u00f1as, el cual tendr\u00e1 \u00e1reas de alta tecnolog\u00eda, como lo ser\u00e1 la nueva sala de Hemodi\u00e1lisis.<\/p>\n\n\n\n<p>Adem\u00e1s la sala antes mencionada, contaran con nuevas \u00e1reas de internamiento, un intensivo totalmente equipado para dar asistencia a la regi\u00f3n en casos necesarios, un \u00e1rea de pie diabetico con servicios de cirug\u00eda vascular incluida, un \u00e1rea de oncologia la cual estar\u00e1 dirigida por el Instituto Oncologico de Santo Domingo y cinco nuevos modernos quir\u00f3fanos.<\/p>\n\n\n\n<p>Durante el recorrido acompa\u00f1aron al senador el Doctor Danilo Montero, director proncial del Servicio De Salud, el ingeniero Claudio Vallejo, representante de la empresa Asercom, empresa encargada de la obra, as\u00ed como parte del personal administrativo del centro.<\/p>\n","protected":false},"excerpt":{"rendered":"<p>Ban\u00ed, Provincia Peravia.- El senador por la provinvia Peravia Julito Fulcar Encarnaci\u00f3n, realiz\u00f3 un recorrido por las instalaciones del Hospital Nuestra Se\u00f1ora de Regla, a los fines de supervisar los trabajos de remozamiento del centro. Al concluir el recorrido, el senador resalt\u00f3 el gran avance que presenta la obra y estima ya a finales de [&hellip;]<\/p>\n","protected":false},"author":1,"featured_media":0,"comment_status":"open","ping_status":"open","sticky":false,"template":"","format":"standard","meta":{"footnotes":""},"categories":[32,34,37],"tags":[],"class_list":{"0":"post-1640","1":"post","2":"type-post","3":"status-publish","4":"format-standard","6":"category-actualidad","7":"category-politica","8":"category-salud"},"_links":{"self":[{"href":"https:\/\/elpueblo.com.do\/api-json\/wp\/v2\/posts\/1640","targetHints":{"allow":["GET"]}}],"collection":[{"href":"https:\/\/elpueblo.com.do\/api-json\/wp\/v2\/posts"}],"about":[{"href":"https:\/\/elpueblo.com.do\/api-json\/wp\/v2\/types\/post"}],"author":[{"embeddable":true,"href":"https:\/\/elpueblo.com.do\/api-json\/wp\/v2\/users\/1"}],"replies":[{"embeddable":true,"href":"https:\/\/elpueblo.com.do\/api-json\/wp\/v2\/comments?post=1640"}],"version-history":[{"count":0,"href":"https:\/\/elpueblo.com.do\/api-json\/wp\/v2\/posts\/1640\/revisions"}],"wp:attachment":[{"href":"https:\/\/elpueblo.com.do\/api-json\/wp\/v2\/media?parent=1640"}],"wp:term":[{"taxonomy":"category","embeddable":true,"href":"https:\/\/elpueblo.com.do\/api-json\/wp\/v2\/categories?post=1640"},{"taxonomy":"post_tag","embeddable":true,"href":"https:\/\/elpueblo.com.do\/api-json\/wp\/v2\/tags?post=1640"}],"curies":[{"name":"wp","href":"https:\/\/api.w.org\/{rel}","templated":true}]}}