{"id":1632,"date":"2024-09-10T10:27:56","date_gmt":"2024-09-10T14:27:56","guid":{"rendered":"https:\/\/elpueblo.com.do\/?p=1632"},"modified":"2024-09-10T10:27:59","modified_gmt":"2024-09-10T14:27:59","slug":"senador-julito-fulcar-encabeza-comision-para-buscar-solucion-a-los-servicios-del-hospital-nuestra-senora-de-regla-de-bani","status":"publish","type":"post","link":"https:\/\/elpueblo.com.do\/actualidad\/senador-julito-fulcar-encabeza-comision-para-buscar-solucion-a-los-servicios-del-hospital-nuestra-senora-de-regla-de-bani\/1632\/","title":{"rendered":"Senador Julito Fulcar encabeza comisi\u00f3n para buscar soluci\u00f3n a los servicios del hospital Nuestra Se\u00f1ora de Regla de Ban\u00ed"},"content":{"rendered":"\n<p>Dispondr\u00e1n de servicio gratuito de Ambulancia, algo que desde hace a\u00f1os demandaba la poblaci\u00f3n de Peravia<\/p>\n\n\n\n<p>Con el prop\u00f3sito de visibilizar los servicios que brinda el hospital Nuestra Se\u00f1ora de Regla a la poblaci\u00f3n, una comisi\u00f3n encabezada por el Senador de la Provincia Julito Fulcar, e integrada adem\u00e1s por la Gobernadora Yadira B\u00e1ez, el director provincial del SNS Dr. Danilo Montero y el director del hospital Dr. Jos\u00e9 Lara , se reuni\u00f3 con el Director de El Servicio Nacional de Salud, Dr. Mario Lama, con quien abordaron la situaci\u00f3n de los servicios en ese centro de salud.<\/p>\n\n\n\n<p>En dicha reuni\u00f3n se acord\u00f3 que los pacientes de Ban\u00ed dispondr\u00e1n de cinco hospitales en Santo Domingo, para ser atendidos por referimientos del hospital NuestraSe\u00f1ora De Regla; cuando sea necesario atender situaciones de salud que americen ser trasladados a esos centros de salud.<\/p>\n\n\n\n<p>Se recuerda que el hospital Nuestra Se\u00f1ora de Regla est\u00e1 siendo intervenido para su remodelaci\u00f3n, por lo que ha sido necesario trasladar los servicios del personal m\u00e9dico al centro Diagn\u00f3stico y varias Unap de la ciudad, para que en un breve plazo se pueda concluir el proceso de remodelaci\u00f3n a que est\u00e1 siendo sometido por parte de el gobierno central.<\/p>\n\n\n\n<p>En el encuentro el Senador Julito Fulcar se comprometi\u00f3 a gestionar los servicios permanente de una ambulancia fija en el hospital, para que se puedan trasladar sin contratiempo los pacientes referidos.<\/p>\n\n\n\n<p>En la reuni\u00f3n, el Dr Mario Lama estuvo acompa\u00f1ado de el Director de Infraestructuras de el Servicio Nacional de Salud, mientras que por la Prov Peravia acompa\u00f1aron al Senador Julito Fulcar, la Gobernadora Yadira B\u00e1ez, el director provincial de salud, Dr. Danilo Montero y el director de el hospital Nuestra Se\u00f1ora de Regla, Dr. Jos\u00e9 Lara.<\/p>\n","protected":false},"excerpt":{"rendered":"<p>Dispondr\u00e1n de servicio gratuito de Ambulancia, algo que desde hace a\u00f1os demandaba la poblaci\u00f3n de Peravia Con el prop\u00f3sito de visibilizar los servicios que brinda el hospital Nuestra Se\u00f1ora de Regla a la poblaci\u00f3n, una comisi\u00f3n encabezada por el Senador de la Provincia Julito Fulcar, e integrada adem\u00e1s por la Gobernadora Yadira B\u00e1ez, el director [&hellip;]<\/p>\n","protected":false},"author":1,"featured_media":1633,"comment_status":"open","ping_status":"open","sticky":false,"template":"","format":"standard","meta":{"footnotes":""},"categories":[32,34],"tags":[417,412],"class_list":{"0":"post-1632","1":"post","2":"type-post","3":"status-publish","4":"format-standard","5":"has-post-thumbnail","7":"category-actualidad","8":"category-politica","9":"tag-bani","10":"tag-julito-fulcar"},"_links":{"self":[{"href":"https:\/\/elpueblo.com.do\/api-json\/wp\/v2\/posts\/1632","targetHints":{"allow":["GET"]}}],"collection":[{"href":"https:\/\/elpueblo.com.do\/api-json\/wp\/v2\/posts"}],"about":[{"href":"https:\/\/elpueblo.com.do\/api-json\/wp\/v2\/types\/post"}],"author":[{"embeddable":true,"href":"https:\/\/elpueblo.com.do\/api-json\/wp\/v2\/users\/1"}],"replies":[{"embeddable":true,"href":"https:\/\/elpueblo.com.do\/api-json\/wp\/v2\/comments?post=1632"}],"version-history":[{"count":0,"href":"https:\/\/elpueblo.com.do\/api-json\/wp\/v2\/posts\/1632\/revisions"}],"wp:featuredmedia":[{"embeddable":true,"href":"https:\/\/elpueblo.com.do\/api-json\/wp\/v2\/media\/1633"}],"wp:attachment":[{"href":"https:\/\/elpueblo.com.do\/api-json\/wp\/v2\/media?parent=1632"}],"wp:term":[{"taxonomy":"category","embeddable":true,"href":"https:\/\/elpueblo.com.do\/api-json\/wp\/v2\/categories?post=1632"},{"taxonomy":"post_tag","embeddable":true,"href":"https:\/\/elpueblo.com.do\/api-json\/wp\/v2\/tags?post=1632"}],"curies":[{"name":"wp","href":"https:\/\/api.w.org\/{rel}","templated":true}]}}