{"id":1623,"date":"2024-08-12T17:04:48","date_gmt":"2024-08-12T21:04:48","guid":{"rendered":"https:\/\/elpueblo.com.do\/?p=1623"},"modified":"2024-08-12T17:04:50","modified_gmt":"2024-08-12T21:04:50","slug":"senador-electo-por-la-provincia-peravia-julito-fulcar-sometera-proyecto-para-inmortalizar-figura-de-la-corredora-mareileidy-paulino","status":"publish","type":"post","link":"https:\/\/elpueblo.com.do\/actualidad\/senador-electo-por-la-provincia-peravia-julito-fulcar-sometera-proyecto-para-inmortalizar-figura-de-la-corredora-mareileidy-paulino\/1623\/","title":{"rendered":"Senador electo por la provincia Peravia Julito Fulcar someter\u00e1 proyecto para inmortalizar figura de la corredora Mareileidy Paulino"},"content":{"rendered":"\n<p><em>Las declaraciones del actual diputado por la provincia sure\u00f1a, la ofreci\u00f3 durante el festejo que le organizara a la campeona mundial de atletismo en su comunidad Don Gregorio, Nizao, luego de ganar la medalla de oro en los Juegos Ol\u00edmpicos de Paris.<\/em><\/p>\n\n\n\n<p><em>Don Gregorio, Nizao.<\/em> \u2013 El electo senador por la provincia Peravia, Julito Fulcar, anunci\u00f3 que desde que asuma sus funciones en el Senado de la Rep\u00fablica el pr\u00f3ximo 16 de agosto, someter\u00e1 un proyecto para inmortalizar la figura de la actual campeona mundial de atletismo, Marileidy Paulino, ganadora de la medalla de oro en los 400 metros planos en los Juegos Ol\u00edmpicos de Par\u00eds.<\/p>\n\n\n\n<p>El actual diputado por el Partido Revolucionario Moderno (PRM), destac\u00f3 que Marileidy, no solamente se hab\u00eda convertido en la ganadora de la competencia de campo y pista, sino, que, adem\u00e1s, hab\u00eda implantado un nuevo r\u00e9cord ol\u00edmpico al cruzar la meta en el tiempo de 48.15 segundo.<\/p>\n\n\n\n<p>\u201cNosotros nos sentimos felices, orgullosos de que una dominicana, pero especialmente una hija de nuestra provincia nos haya dado tantas glorias en las distintas competencias en la que ha participado, en esta ocasi\u00f3n Marileidy, se convierte en la primera mujer dominicana en alcanzar este gran logro de alzarse con la presea dorada en unos juegos ol\u00edmpicos\u201d, resalt\u00f3.<\/p>\n\n\n\n<p>El tambi\u00e9n vocero de la C\u00e1mara de Diputados consider\u00f3 que la campeona mundial adem\u00e1s de ser un orgullo para todos los dominicanos es un ejemplo a seguir para la juventud, que puede ver en ella que con trabajo y esfuerzos se pueden lograr las metas.<\/p>\n\n\n\n<p>\u201cDesde que llegue al Senado de la Rep\u00fablica estar\u00e9 trabajando en este proyecto que someter\u00e9 para que la figura de Marileidy Paulino sea inmortalizada. Nosotros buscamos que los j\u00f3venes emulen el actuar de ella y muchos nos llenen de gloria y pongan el nombre de la Rep\u00fablica Dominicana en lo m\u00e1s altos de las competencias deportivas internacionales\u201d, expres\u00f3.<\/p>\n\n\n\n<p>El organizador de la actividad que congrego a todo un pueblo que celebraba la m\u00e1s grande haza\u00f1a deportiva de uno de sus hijos, consider\u00f3 que ella merece todo lo que tiene y lo que se le ha ofrecido.<\/p>\n\n\n\n<p>\u201cElla se merece todo lo que tiene. Pueden contar que haremos todo lo que ella quiera\u201d, a\u00f1adi\u00f3.<\/p>\n\n\n\n<p><em>SOBRE MARILEIDY PAULINO<\/em><br>Marileidy Paulino naci\u00f3 el 25 de octubre de 1996 en la comunidad de Don Gregorio, Nizao, provincia Peravia. Es una destacada atleta del atletismo en los 400 metros planos y en relevos mixtos 4\u00d7400 metros.<\/p>\n\n\n\n<p>Entre sus logros se destaca que, en el a\u00f1o 2021, obtuvo dos medallas de plata, en los juegos ol\u00edmpicos de Tokio, la primera en el relevo mixto 4&#215;400 metros, y la segunda en la modalidad de 400 metros planos.<\/p>\n","protected":false},"excerpt":{"rendered":"<p>Las declaraciones del actual diputado por la provincia sure\u00f1a, la ofreci\u00f3 durante el festejo que le organizara a la campeona mundial de atletismo en su comunidad Don Gregorio, Nizao, luego de ganar la medalla de oro en los Juegos Ol\u00edmpicos de Paris. Don Gregorio, Nizao. \u2013 El electo senador por la provincia Peravia, Julito Fulcar, [&hellip;]<\/p>\n","protected":false},"author":1,"featured_media":1624,"comment_status":"open","ping_status":"open","sticky":false,"template":"","format":"standard","meta":{"footnotes":""},"categories":[32,35,34],"tags":[412,416,103,281],"class_list":{"0":"post-1623","1":"post","2":"type-post","3":"status-publish","4":"format-standard","5":"has-post-thumbnail","7":"category-actualidad","8":"category-deportes","9":"category-politica","10":"tag-julito-fulcar","11":"tag-marileidy-paulino","12":"tag-prm","13":"tag-senado"},"_links":{"self":[{"href":"https:\/\/elpueblo.com.do\/api-json\/wp\/v2\/posts\/1623","targetHints":{"allow":["GET"]}}],"collection":[{"href":"https:\/\/elpueblo.com.do\/api-json\/wp\/v2\/posts"}],"about":[{"href":"https:\/\/elpueblo.com.do\/api-json\/wp\/v2\/types\/post"}],"author":[{"embeddable":true,"href":"https:\/\/elpueblo.com.do\/api-json\/wp\/v2\/users\/1"}],"replies":[{"embeddable":true,"href":"https:\/\/elpueblo.com.do\/api-json\/wp\/v2\/comments?post=1623"}],"version-history":[{"count":0,"href":"https:\/\/elpueblo.com.do\/api-json\/wp\/v2\/posts\/1623\/revisions"}],"wp:featuredmedia":[{"embeddable":true,"href":"https:\/\/elpueblo.com.do\/api-json\/wp\/v2\/media\/1624"}],"wp:attachment":[{"href":"https:\/\/elpueblo.com.do\/api-json\/wp\/v2\/media?parent=1623"}],"wp:term":[{"taxonomy":"category","embeddable":true,"href":"https:\/\/elpueblo.com.do\/api-json\/wp\/v2\/categories?post=1623"},{"taxonomy":"post_tag","embeddable":true,"href":"https:\/\/elpueblo.com.do\/api-json\/wp\/v2\/tags?post=1623"}],"curies":[{"name":"wp","href":"https:\/\/api.w.org\/{rel}","templated":true}]}}