{"id":1617,"date":"2024-07-26T20:28:19","date_gmt":"2024-07-27T00:28:19","guid":{"rendered":"https:\/\/elpueblo.com.do\/?p=1617"},"modified":"2024-07-26T20:28:21","modified_gmt":"2024-07-27T00:28:21","slug":"diputado-julito-fulcar-es-reconocido-por-ayuntamiento-de-san-cristobal","status":"publish","type":"post","link":"https:\/\/elpueblo.com.do\/actualidad\/diputado-julito-fulcar-es-reconocido-por-ayuntamiento-de-san-cristobal\/1617\/","title":{"rendered":"Diputado Julito Fulcar es reconocido por Ayuntamiento de San Crist\u00f3bal"},"content":{"rendered":"\n<p><em>El cabildo sure\u00f1o entreg\u00f3 el reconocimiento al legislador por sus aportes al desarrollo educativo, legislativo, cooperativo y pol\u00edtico.<\/em><\/p>\n\n\n\n<p><em>SAN CRIST\u00d3BAL.-<\/em> El ayuntamiento municipal de esta ciudad reconoci\u00f3 al diputado Julito Fulcar, por sus aportes al desarrollo educativo, legislativo, cooperativo, pol\u00edtico y en general el desarrollo socioecon\u00f3mico de la Regi\u00f3n Sur y del pa\u00eds, el tributo fue entregado por el alcalde Nelson de la Rosa y el presidente de la Sala Capitular FelitoTejeda.<\/p>\n\n\n\n<p>El ejecutivo municipal resalt\u00f3 que <em>Julito Fulcar Encarnaci\u00f3n<\/em>, actual diputado de la Rep\u00fablica Dominicana, con una vasta preparaci\u00f3n universitaria, se ha desempe\u00f1ado durante toda su vida en una gran variedad de \u00e1reas del quehacer nacional, en las cuales ha coadyuvado al desarrollo social, econ\u00f3mico, pol\u00edtico y cultural de nuestro pa\u00eds.<\/p>\n\n\n\n<p>Expres\u00f3 que su desempe\u00f1o como educador, pol\u00edtico, legislador, cooperativista, agr\u00f3nomo, profesor, gremialista, planificador con su excelente preparaci\u00f3n profesional lo hacen ser un ciudadano ejemplar.<\/p>\n\n\n\n<p>El legislador agradeci\u00f3 a las autoridades municipales la distinci\u00f3n, asegurando que cuando recibe un reconocimiento \u201cme hacen un emplazamiento a seguir haci\u00e9ndolo bien por lo que representa, por la naci\u00f3n dominicana, por la convicci\u00f3n y por la familia\u201d<\/p>\n\n\n\n<p>Julito Fulcar, es actualmente diputado por la provincia Peravia, donde ha agotado dos per\u00edodos en la c\u00e1mara baja, y ahora pasar\u00e1 al Senado de la Rep\u00fablica, tras resultar electo senador por la misma provincia en las pasadas elecciones congresuales y presidenciales.<\/p>\n\n\n\n<p>Fulcar, es adem\u00e1s el l\u00edder del cooperativismo dominicano, ostentando el cargo honor\u00edfico de presidente Advitam del Consejo Nacional de Cooperativas, \u00f3rgano que presidi\u00f3 por casi 20 a\u00f1os, propiciando un extraordinario desarrollo en el movimiento cooperativo durante sus a\u00f1os lider\u00e1ndolo.<\/p>\n\n\n\n<p>El legislador estuvo acompa\u00f1ado de su esposa Deyanira Aybar, en la sencilla y emotiva ceremonia, donde estuvieron adem\u00e1s presentes los regidores Andr\u00e9s Corpor\u00e1n, Luis Galv\u00e1n, Frankelis Tiburcio, Samuel Corpor\u00e1n, Arcadio Rosario y Arelis And\u00fajar, entre otros.<\/p>\n","protected":false},"excerpt":{"rendered":"<p>El cabildo sure\u00f1o entreg\u00f3 el reconocimiento al legislador por sus aportes al desarrollo educativo, legislativo, cooperativo y pol\u00edtico. SAN CRIST\u00d3BAL.- El ayuntamiento municipal de esta ciudad reconoci\u00f3 al diputado Julito Fulcar, por sus aportes al desarrollo educativo, legislativo, cooperativo, pol\u00edtico y en general el desarrollo socioecon\u00f3mico de la Regi\u00f3n Sur y del pa\u00eds, el tributo [&hellip;]<\/p>\n","protected":false},"author":1,"featured_media":1618,"comment_status":"open","ping_status":"open","sticky":false,"template":"","format":"standard","meta":{"footnotes":""},"categories":[32,34],"tags":[412,103,281],"class_list":{"0":"post-1617","1":"post","2":"type-post","3":"status-publish","4":"format-standard","5":"has-post-thumbnail","7":"category-actualidad","8":"category-politica","9":"tag-julito-fulcar","10":"tag-prm","11":"tag-senado"},"_links":{"self":[{"href":"https:\/\/elpueblo.com.do\/api-json\/wp\/v2\/posts\/1617","targetHints":{"allow":["GET"]}}],"collection":[{"href":"https:\/\/elpueblo.com.do\/api-json\/wp\/v2\/posts"}],"about":[{"href":"https:\/\/elpueblo.com.do\/api-json\/wp\/v2\/types\/post"}],"author":[{"embeddable":true,"href":"https:\/\/elpueblo.com.do\/api-json\/wp\/v2\/users\/1"}],"replies":[{"embeddable":true,"href":"https:\/\/elpueblo.com.do\/api-json\/wp\/v2\/comments?post=1617"}],"version-history":[{"count":0,"href":"https:\/\/elpueblo.com.do\/api-json\/wp\/v2\/posts\/1617\/revisions"}],"wp:featuredmedia":[{"embeddable":true,"href":"https:\/\/elpueblo.com.do\/api-json\/wp\/v2\/media\/1618"}],"wp:attachment":[{"href":"https:\/\/elpueblo.com.do\/api-json\/wp\/v2\/media?parent=1617"}],"wp:term":[{"taxonomy":"category","embeddable":true,"href":"https:\/\/elpueblo.com.do\/api-json\/wp\/v2\/categories?post=1617"},{"taxonomy":"post_tag","embeddable":true,"href":"https:\/\/elpueblo.com.do\/api-json\/wp\/v2\/tags?post=1617"}],"curies":[{"name":"wp","href":"https:\/\/api.w.org\/{rel}","templated":true}]}}