{"id":1614,"date":"2024-07-19T18:26:20","date_gmt":"2024-07-19T22:26:20","guid":{"rendered":"https:\/\/elpueblo.com.do\/?p=1614"},"modified":"2024-07-19T18:26:23","modified_gmt":"2024-07-19T22:26:23","slug":"coopnama-se-mantiene-a-la-vanguardia-en-actualizacion-tecnologica-y-financiera","status":"publish","type":"post","link":"https:\/\/elpueblo.com.do\/actualidad\/coopnama-se-mantiene-a-la-vanguardia-en-actualizacion-tecnologica-y-financiera\/1614\/","title":{"rendered":"COOPNAMA SE MANTIENE A LA VANGUARDIA EN ACTUALIZACI\u00d3N TECNOL\u00d3GICA Y FINANCIERA"},"content":{"rendered":"\n<p><em>Firma acuerdo con empresa colombiana Garant\u00edas Comunitarias Grupo S.A (GCG).<\/em><\/p>\n\n\n\n<p>SANTO DOMINGO.- En el inter\u00e9s de mantener la instituci\u00f3n actualizada en lo referente a los cambios que exigen los nuevos tiempos para gestionar empresas transparentes y confiables, la Cooperativa de Servicios M\u00faltiples de los Maestros (COOPNAMA), ha realizado una serie de acciones que la mantienen como la principal instituci\u00f3n de su g\u00e9nero en el pa\u00eds y una de las principales de la regi\u00f3n por su responsabilidad social y manejo de los recursos de la misma.<\/p>\n\n\n\n<p>Es en ese sentido que COOPNAMA firm\u00f3 un acuerdo con una reconocida empresa tecnol\u00f3gica para la instalaci\u00f3n de un moderno software para ser utilizado por el Comit\u00e9 de Cumplimiento, adem\u00e1s de iniciar inmediatamente las capacitaciones en seguridad financiera.<\/p>\n\n\n\n<p>El acuerdo fue firmado por los profesores Santiago Portes, presidente del Consejo de Administraci\u00f3n y Lucas Figueroa Lapaix, gerente general, en representaci\u00f3n de COOPNAMA, con el presidente de la empresa Garant\u00edas Comunitarias Grupo S.A (GCG), doctor Carlos Felipe Rojas Toro, que permitir\u00e1 a la Unidad de Cumplimiento de la instituci\u00f3n minimizar y limitar los riesgos sobre el manejo y la procedencia de los recursos.<\/p>\n\n\n\n<p>Adem\u00e1s, mediante este convenio, la empresa Garant\u00edas Comunitarias S. A ofrecer\u00e1 a la Cooperativa de Maestros la consultor\u00eda en el Sistema de Administraci\u00f3n de Riesgo de Lavado de Activos y se compone de dos etapas, la primera ser\u00e1 de formaci\u00f3n y la segunda consta de la instalaci\u00f3n del nuevo software.<\/p>\n\n\n\n<p>El presidente del Consejo de Administraci\u00f3n de la Cooperativa Nacional de Servicios M\u00faltiples de los Maestros, Prof. Santiago Portes, indic\u00f3 que este acuerdo proporcionar\u00e1 a la instituci\u00f3n las herramientas necesarias para seguir construyendo la confianza que todos los asociados han depositado en COOPNAMA.<\/p>\n\n\n\n<p>\u201cEsto ser\u00e1 un antes y un despu\u00e9s para nuestra instituci\u00f3n, la contrataci\u00f3n de un moderno software para el Comit\u00e9 de Cumplimiento nos garantizar\u00e1 la permanencia y la seguridad de nuestro dinero, la capacitaci\u00f3n de nuestro personal t\u00e9cnico y profesional que ha venido trabajando arduamente para que esto se haga una realidad\u201d, sostuvo Portes.<\/p>\n\n\n\n<p>Del mismo modo, el gerente general, Prof. Lucas Figueroa Lapaix, manifest\u00f3 que este convenio es muy transparente, ya que el mismo fue analizado, estudiado y consensuado, tanto por el Consejo de Administraci\u00f3n, como por el departamento legal de la instituci\u00f3n.<\/p>\n\n\n\n<p>De su lado, el doctor Felipe Rojas argument\u00f3 que estos procesos son seguros, dijo adem\u00e1s que \u201ceste proyecto lo han firmado otras instituciones, la Cooperativa la Altagracia, COOSEGUROS y ahora ustedes COOPNAMA\u201d.<\/p>\n\n\n\n<p>Otro evento para destacar es el inicio de las capacitaciones en Gesti\u00f3n de Seguridad Financiera que realiza COOPNAMA con los representantes de la empresa colombiana Garant\u00edas Comunitarias, la cual tambi\u00e9n ofrecer\u00e1 servicio de mitigaci\u00f3n para garantizar rentabilidad constante, riesgo controlado y alta calidad operativa, a trav\u00e9s de la implementaci\u00f3n de la tecnolog\u00eda.<\/p>\n\n\n\n<p>El presidente del Consejo de Administraci\u00f3n, Prof. Santiago Portes, sostuvo la primera reuni\u00f3n con la empresa colombiana, explicando que el prop\u00f3sito de los trabajos con Garant\u00edas Comunitarias es de vital importancia para COOPNAMA para el proceso de vigilancia constante, a lo cual la instituci\u00f3n se encuentra sometida a organismos nacionales e internacionales del tramo financiero.<\/p>\n\n\n\n<p>Portes agreg\u00f3 que en lo adelante se iniciar\u00e1n las jornadas de talleres sucesivos con las diferentes estructuras que manejan la COOPNAMA, tales como: pr\u00e9stamos, compras, riesgos, legal, entre otras y de esa forma lograr impactar de manera positiva y segura la operatividad financiera de la instituci\u00f3n.<\/p>\n","protected":false},"excerpt":{"rendered":"<p>Firma acuerdo con empresa colombiana Garant\u00edas Comunitarias Grupo S.A (GCG). SANTO DOMINGO.- En el inter\u00e9s de mantener la instituci\u00f3n actualizada en lo referente a los cambios que exigen los nuevos tiempos para gestionar empresas transparentes y confiables, la Cooperativa de Servicios M\u00faltiples de los Maestros (COOPNAMA), ha realizado una serie de acciones que la mantienen [&hellip;]<\/p>\n","protected":false},"author":1,"featured_media":1615,"comment_status":"open","ping_status":"open","sticky":false,"template":"","format":"standard","meta":{"footnotes":""},"categories":[32,34],"tags":[402],"class_list":{"0":"post-1614","1":"post","2":"type-post","3":"status-publish","4":"format-standard","5":"has-post-thumbnail","7":"category-actualidad","8":"category-politica","9":"tag-coopnama"},"_links":{"self":[{"href":"https:\/\/elpueblo.com.do\/api-json\/wp\/v2\/posts\/1614","targetHints":{"allow":["GET"]}}],"collection":[{"href":"https:\/\/elpueblo.com.do\/api-json\/wp\/v2\/posts"}],"about":[{"href":"https:\/\/elpueblo.com.do\/api-json\/wp\/v2\/types\/post"}],"author":[{"embeddable":true,"href":"https:\/\/elpueblo.com.do\/api-json\/wp\/v2\/users\/1"}],"replies":[{"embeddable":true,"href":"https:\/\/elpueblo.com.do\/api-json\/wp\/v2\/comments?post=1614"}],"version-history":[{"count":0,"href":"https:\/\/elpueblo.com.do\/api-json\/wp\/v2\/posts\/1614\/revisions"}],"wp:featuredmedia":[{"embeddable":true,"href":"https:\/\/elpueblo.com.do\/api-json\/wp\/v2\/media\/1615"}],"wp:attachment":[{"href":"https:\/\/elpueblo.com.do\/api-json\/wp\/v2\/media?parent=1614"}],"wp:term":[{"taxonomy":"category","embeddable":true,"href":"https:\/\/elpueblo.com.do\/api-json\/wp\/v2\/categories?post=1614"},{"taxonomy":"post_tag","embeddable":true,"href":"https:\/\/elpueblo.com.do\/api-json\/wp\/v2\/tags?post=1614"}],"curies":[{"name":"wp","href":"https:\/\/api.w.org\/{rel}","templated":true}]}}