{"id":1608,"date":"2024-07-12T08:48:18","date_gmt":"2024-07-12T12:48:18","guid":{"rendered":"https:\/\/elpueblo.com.do\/?p=1608"},"modified":"2024-07-12T08:48:20","modified_gmt":"2024-07-12T12:48:20","slug":"julito-fulcar-recibe-certificado-que-lo-acredita-como-senador-por-la-provincia-peravia","status":"publish","type":"post","link":"https:\/\/elpueblo.com.do\/actualidad\/julito-fulcar-recibe-certificado-que-lo-acredita-como-senador-por-la-provincia-peravia\/1608\/","title":{"rendered":"Julito Fulcar recibe certificado que lo acredita como senador por la provincia Peravia"},"content":{"rendered":"\n<p>Peravia, R.D.- Este jueves el diputado y senador electo Julito Fulcar recibi\u00f3 de manos de Rom\u00e1n Jaqu\u00e9z, presidente de la Junta Central Electoral, la certificaci\u00f3n que lo acredita como Senador por la provincia Peravia.<br>Este documento certifica que el hoy diputado result\u00f3 electo como senador para el per\u00edodo constitucional que inicia el 16 de agosto del 2024 y termina el 16 de agosto del 2028.<br>Al recibir este certificado, el que significa la acogencia del pueblo y la voz del sentir de los peravianos, Fulcar expres\u00f3 su agradecimiento a Dios, a su familia , a su amado pueblo por elegirlo, as\u00ed como a sus compa\u00f1eros\/as perremeistas y aliados, quienes lucharon junto a \u00e9l por esta causa.<br>Fulcar, un l\u00edder del cooperativismo, durante dos periodos que estuvo representando la provincia Peravia en la c\u00e1mara baja del Congreso Nacional luch\u00f3 por el avance de cada sector que comprende esta demarcaci\u00f3n y el pa\u00eds.<br>El vocero de los diputados del PRM ha sometido diversos proyectos para el avance de su provincia Peravia, as\u00ed como apostado al desarrollo de la juventud otorgando becas y otros beneficios.<br>En ese sentido, se ha comprometido a continuar luchando, ahora con m\u00e1s fuerza desde el senado, para que el avance en Peravia, de la mano del reelecto presidente Luis Abinader, no se detenga.<\/p>\n","protected":false},"excerpt":{"rendered":"<p>Peravia, R.D.- Este jueves el diputado y senador electo Julito Fulcar recibi\u00f3 de manos de Rom\u00e1n Jaqu\u00e9z, presidente de la Junta Central Electoral, la certificaci\u00f3n que lo acredita como Senador por la provincia Peravia.Este documento certifica que el hoy diputado result\u00f3 electo como senador para el per\u00edodo constitucional que inicia el 16 de agosto del [&hellip;]<\/p>\n","protected":false},"author":1,"featured_media":1609,"comment_status":"open","ping_status":"open","sticky":false,"template":"","format":"standard","meta":{"footnotes":""},"categories":[32,34],"tags":[412,414,103,281],"class_list":{"0":"post-1608","1":"post","2":"type-post","3":"status-publish","4":"format-standard","5":"has-post-thumbnail","7":"category-actualidad","8":"category-politica","9":"tag-julito-fulcar","10":"tag-peravia","11":"tag-prm","12":"tag-senado"},"_links":{"self":[{"href":"https:\/\/elpueblo.com.do\/api-json\/wp\/v2\/posts\/1608","targetHints":{"allow":["GET"]}}],"collection":[{"href":"https:\/\/elpueblo.com.do\/api-json\/wp\/v2\/posts"}],"about":[{"href":"https:\/\/elpueblo.com.do\/api-json\/wp\/v2\/types\/post"}],"author":[{"embeddable":true,"href":"https:\/\/elpueblo.com.do\/api-json\/wp\/v2\/users\/1"}],"replies":[{"embeddable":true,"href":"https:\/\/elpueblo.com.do\/api-json\/wp\/v2\/comments?post=1608"}],"version-history":[{"count":0,"href":"https:\/\/elpueblo.com.do\/api-json\/wp\/v2\/posts\/1608\/revisions"}],"wp:featuredmedia":[{"embeddable":true,"href":"https:\/\/elpueblo.com.do\/api-json\/wp\/v2\/media\/1609"}],"wp:attachment":[{"href":"https:\/\/elpueblo.com.do\/api-json\/wp\/v2\/media?parent=1608"}],"wp:term":[{"taxonomy":"category","embeddable":true,"href":"https:\/\/elpueblo.com.do\/api-json\/wp\/v2\/categories?post=1608"},{"taxonomy":"post_tag","embeddable":true,"href":"https:\/\/elpueblo.com.do\/api-json\/wp\/v2\/tags?post=1608"}],"curies":[{"name":"wp","href":"https:\/\/api.w.org\/{rel}","templated":true}]}}