{"id":1598,"date":"2024-06-15T12:20:53","date_gmt":"2024-06-15T16:20:53","guid":{"rendered":"https:\/\/elpueblo.com.do\/?p=1598"},"modified":"2024-06-15T12:20:55","modified_gmt":"2024-06-15T16:20:55","slug":"julito-fulcar-viaja-a-espana-a-dictar-conferencia","status":"publish","type":"post","link":"https:\/\/elpueblo.com.do\/actualidad\/julito-fulcar-viaja-a-espana-a-dictar-conferencia\/1598\/","title":{"rendered":"Julito Fulcar viaja a Espa\u00f1a a dictar conferencia."},"content":{"rendered":"\n<ul class=\"wp-block-list\"><li><em>Disertar\u00e1 sobre \u201cpol\u00edticas p\u00fablicas de fomento del cooperativismo y la econom\u00eda social\u201d<\/em><\/li><\/ul>\n\n\n\n<p>Sevilla.\u2013 El Diputado por la provincia Peravia y Senador electo para el per\u00edodo 2024-2028, Julito Fulcar, lleg\u00f3 este jueves a Espa\u00f1a, invitado por la Escuela Andaluza de Econom\u00eda Social para dictar la conferencia principal en el marco del diplomado \u201cFormaci\u00f3n Avanzada en Econom\u00eda Social\u00bb de la reconocida y prestigiosa escuela espa\u00f1ola ubicada en la ciudad de Osuna.<\/p>\n\n\n\n<p>Fulcar, reconocido por su amplia trayectoria en el \u00e1mbito del cooperativismo y la econom\u00eda social, ser\u00e1 el conferencista principal de este importante evento. Su intervenci\u00f3n, titulada <em>\u201dLas pol\u00edticas p\u00fablicas de fomento del cooperativismo y la econom\u00eda social\u201d,<\/em> abordar\u00e1 las estrategias y medidas gubernamentales que pueden impulsar el desarrollo de cooperativas y fortalecer la econom\u00eda social.<\/p>\n\n\n\n<p>Con una carrera destacada en el sector cooperativo, Julito Fulcar ha desempe\u00f1ado roles clave como presidente y asesor de la Confederaci\u00f3n de Cooperativas del Caribe y Centroam\u00e9rica (CCC-CA). Adem\u00e1s, ha sido Presidente Nacional de la Cooperativa Nacional de Servicios M\u00faltiples de los Maestros (COOPNAMA) y del Consejo Nacional de Cooperativa de la Rep\u00fablica Dominicana (CONACOOP). Su vasta experiencia y conocimientos en la materia lo posicionan como una figura influyente y referente en el \u00e1mbito de la econom\u00eda social tanto a nivel nacional como internacional.<\/p>\n\n\n\n<p>La conferencia de Fulcar promete ofrecer una visi\u00f3n integral y actualizada sobre el impacto de las pol\u00edticas p\u00fablicas en el crecimiento del cooperativismo, subrayando la importancia de este modelo econ\u00f3mico para el desarrollo sostenible y equitativo de las sociedades.<\/p>\n\n\n\n<p>El evento contar\u00e1 con la participaci\u00f3n de destacados acad\u00e9micos, profesionales y l\u00edderes del sector cooperativo, de varios pa\u00edses latinoamericanos y europeos quienes se reunir\u00e1n para debatir y compartir experiencias sobre las mejores pr\u00e1cticas en el fomento del cooperativismo y la econom\u00eda social.<\/p>\n\n\n\n<p><em><strong>Acerca de la Escuela Andaluza de Econom\u00eda Social<\/strong><\/em><\/p>\n\n\n\n<p>La Escuela Andaluza de Econom\u00eda Social es una instituci\u00f3n de referencia en la formaci\u00f3n y promoci\u00f3n de la econom\u00eda social en Europa y Am\u00e9rica Latina. Su misi\u00f3n es fomentar el desarrollo de un modelo econ\u00f3mico basado en la cooperaci\u00f3n, la solidaridad y la equidad.<\/p>\n","protected":false},"excerpt":{"rendered":"<p>Disertar\u00e1 sobre \u201cpol\u00edticas p\u00fablicas de fomento del cooperativismo y la econom\u00eda social\u201d Sevilla.\u2013 El Diputado por la provincia Peravia y Senador electo para el per\u00edodo 2024-2028, Julito Fulcar, lleg\u00f3 este jueves a Espa\u00f1a, invitado por la Escuela Andaluza de Econom\u00eda Social para dictar la conferencia principal en el marco del diplomado \u201cFormaci\u00f3n Avanzada en Econom\u00eda [&hellip;]<\/p>\n","protected":false},"author":1,"featured_media":1599,"comment_status":"open","ping_status":"open","sticky":false,"template":"","format":"standard","meta":{"footnotes":""},"categories":[32,41,34],"tags":[413,412],"class_list":{"0":"post-1598","1":"post","2":"type-post","3":"status-publish","4":"format-standard","5":"has-post-thumbnail","7":"category-actualidad","8":"category-economia","9":"category-politica","10":"tag-cooperativismo","11":"tag-julito-fulcar"},"_links":{"self":[{"href":"https:\/\/elpueblo.com.do\/api-json\/wp\/v2\/posts\/1598","targetHints":{"allow":["GET"]}}],"collection":[{"href":"https:\/\/elpueblo.com.do\/api-json\/wp\/v2\/posts"}],"about":[{"href":"https:\/\/elpueblo.com.do\/api-json\/wp\/v2\/types\/post"}],"author":[{"embeddable":true,"href":"https:\/\/elpueblo.com.do\/api-json\/wp\/v2\/users\/1"}],"replies":[{"embeddable":true,"href":"https:\/\/elpueblo.com.do\/api-json\/wp\/v2\/comments?post=1598"}],"version-history":[{"count":0,"href":"https:\/\/elpueblo.com.do\/api-json\/wp\/v2\/posts\/1598\/revisions"}],"wp:featuredmedia":[{"embeddable":true,"href":"https:\/\/elpueblo.com.do\/api-json\/wp\/v2\/media\/1599"}],"wp:attachment":[{"href":"https:\/\/elpueblo.com.do\/api-json\/wp\/v2\/media?parent=1598"}],"wp:term":[{"taxonomy":"category","embeddable":true,"href":"https:\/\/elpueblo.com.do\/api-json\/wp\/v2\/categories?post=1598"},{"taxonomy":"post_tag","embeddable":true,"href":"https:\/\/elpueblo.com.do\/api-json\/wp\/v2\/tags?post=1598"}],"curies":[{"name":"wp","href":"https:\/\/api.w.org\/{rel}","templated":true}]}}