{"id":1589,"date":"2024-06-04T15:05:52","date_gmt":"2024-06-04T19:05:52","guid":{"rendered":"https:\/\/elpueblo.com.do\/?p=1589"},"modified":"2024-06-04T15:05:54","modified_gmt":"2024-06-04T19:05:54","slug":"el-pueblo-hablo-en-mayo-19","status":"publish","type":"post","link":"https:\/\/elpueblo.com.do\/actualidad\/el-pueblo-hablo-en-mayo-19\/1589\/","title":{"rendered":"El pueblo habl\u00f3 en mayo 19"},"content":{"rendered":"\n<p>La democracia es el m\u00e9todo m\u00e1s id\u00f3neo empleado por los pueblos, para encausar el desarrollo fundamentado en la pol\u00edtica. Pues, muchos son los l\u00edderes que han intentado por otros medios lograr armonizar la pol\u00edtica y el desarrollo y los resultados son conocidos por la humanidad.<\/p>\n\n\n\n<p>En Rep\u00fablica Dominicana desde hace d\u00e9cadas, a la ca\u00edda del r\u00e9gimen del tirano Rafael Leonidas Trujillo Molina, La democracia es la vida que nos ha permitido trascender en v\u00eda de conquistar nuestro desarrollo.<\/p>\n\n\n\n<p>Cada 4 a\u00f1os en elecciones democr\u00e1ticas, aunque, en ocasiones con algunos trastornos, pero, se ha convertido en una norma la transici\u00f3n de mando con resultados aceptables.<\/p>\n\n\n\n<p>El \u00faltimo referente lo demuestra en mayo 19 donde la poblaci\u00f3n acudi\u00f3 de forma pacifica, libre y ordenada, en una jornada c\u00edvica donde la sociedad seleccion\u00f3 al presidente Lu\u00eds Abinader para seguir al frente del ejecutivo y de paso le premi\u00f3 con la inmensa mayor\u00eda de los legisladores electos en la coalici\u00f3n oficialista.<\/p>\n\n\n\n<p>En democracia habla el voto y con ello se empodera las autoridades para que ejecuten el plan de gobierno que conciben los que ganan. En el pasado proceso el pa\u00eds demostr\u00f3 su confianza en el presidente y sus legisladores para que asuman el gobierno y ejecuten aquello que nos permita seguir el cambio prometido por el ganador de las elecciones.<\/p>\n\n\n\n<p>Insistir en lo contrario, es una torpeza, propia de aquellos que solo buscan el poder para manipular y retorcer todo cuanto acostumbran, a fin de impedir el desarrollo de las mayor\u00edas en beneficio de intereses anti democr\u00e1ticos que mucho da\u00f1o han hecho a nuestra sociedad.<\/p>\n\n\n\n<p>Presidente Lu\u00eds Abinader el pueblo habl\u00f3 y le respald\u00f3. Haga su gesti\u00f3n apegada a la \u00e9tica, la transparencia y honestidad que le han dado la popularidad y respaldo coherente con la obra de gobierno de un gran estadista.<\/p>\n","protected":false},"excerpt":{"rendered":"<p>La democracia es el m\u00e9todo m\u00e1s id\u00f3neo empleado por los pueblos, para encausar el desarrollo fundamentado en la pol\u00edtica. Pues, muchos son los l\u00edderes que han intentado por otros medios lograr armonizar la pol\u00edtica y el desarrollo y los resultados son conocidos por la humanidad. En Rep\u00fablica Dominicana desde hace d\u00e9cadas, a la ca\u00edda del [&hellip;]<\/p>\n","protected":false},"author":5,"featured_media":0,"comment_status":"open","ping_status":"open","sticky":false,"template":"","format":"standard","meta":{"footnotes":""},"categories":[32,33,34],"tags":[409,404,255,407],"class_list":{"0":"post-1589","1":"post","2":"type-post","3":"status-publish","4":"format-standard","6":"category-actualidad","7":"category-opinion","8":"category-politica","9":"tag-elecciones","10":"tag-gobierno","11":"tag-luis-abinader","12":"tag-opinion"},"_links":{"self":[{"href":"https:\/\/elpueblo.com.do\/api-json\/wp\/v2\/posts\/1589","targetHints":{"allow":["GET"]}}],"collection":[{"href":"https:\/\/elpueblo.com.do\/api-json\/wp\/v2\/posts"}],"about":[{"href":"https:\/\/elpueblo.com.do\/api-json\/wp\/v2\/types\/post"}],"author":[{"embeddable":true,"href":"https:\/\/elpueblo.com.do\/api-json\/wp\/v2\/users\/5"}],"replies":[{"embeddable":true,"href":"https:\/\/elpueblo.com.do\/api-json\/wp\/v2\/comments?post=1589"}],"version-history":[{"count":0,"href":"https:\/\/elpueblo.com.do\/api-json\/wp\/v2\/posts\/1589\/revisions"}],"wp:attachment":[{"href":"https:\/\/elpueblo.com.do\/api-json\/wp\/v2\/media?parent=1589"}],"wp:term":[{"taxonomy":"category","embeddable":true,"href":"https:\/\/elpueblo.com.do\/api-json\/wp\/v2\/categories?post=1589"},{"taxonomy":"post_tag","embeddable":true,"href":"https:\/\/elpueblo.com.do\/api-json\/wp\/v2\/tags?post=1589"}],"curies":[{"name":"wp","href":"https:\/\/api.w.org\/{rel}","templated":true}]}}