{"id":1587,"date":"2024-06-03T20:29:23","date_gmt":"2024-06-04T00:29:23","guid":{"rendered":"https:\/\/elpueblo.com.do\/?p=1587"},"modified":"2024-06-03T20:29:26","modified_gmt":"2024-06-04T00:29:26","slug":"al-filo-de-la-medianoche-relaciones-internacionales-ciencia-y-el-doomsday-clock","status":"publish","type":"post","link":"https:\/\/elpueblo.com.do\/actualidad\/al-filo-de-la-medianoche-relaciones-internacionales-ciencia-y-el-doomsday-clock\/1587\/","title":{"rendered":"Al filo de la medianoche: relaciones internacionales, ciencia y el Doomsday Clock"},"content":{"rendered":"\n<p>Por Juan Esp\u00f3sito Rodr\u00edguez<\/p>\n\n\n\n<p>El&nbsp;<strong><em>Doomsday<\/em><\/strong><strong><em>&nbsp;<\/em><\/strong><strong><em>Clock<\/em><\/strong>&nbsp;(denominado en espa\u00f1ol como el Reloj del Juicio Final, del Apocalipsis o del Final del Mundo) es ampliamente reconocido en los c\u00edrculos de las relaciones internacionales y la ciencia como la insignia universal que advierte sobre las probabilidades de una cat\u00e1strofe global causada por la humanidad.<\/p>\n\n\n\n<p>Sus ra\u00edces se remontan al&nbsp;<strong>Bolet\u00edn de Cient\u00edficos At\u00f3micos<\/strong>, una organizaci\u00f3n independiente y sin fines de lucro fundada en 1945 por cient\u00edficos del proyecto Manhattan, entre ellos Albert Einstein y J. Robert Oppenheimer. Tras los bombardeos at\u00f3micos de Hiroshima y Nagasaki, y con una visi\u00f3n premonitoria de otras amenazas cient\u00edficas, tecnol\u00f3gicas y clim\u00e1ticas, estos profesionales de la ciencia reconocieron que la bomba at\u00f3mica era \u00absolo el primero de muchos obsequios peligrosos de la caja de Pandora de la ciencia moderna\u00bb. En consecuencia, coincidieron en la necesidad de crear una conciencia colectiva global ante estas amenazas. Desde entonces, el Bolet\u00edn aboga por la urgencia en el dise\u00f1o de pol\u00edticas nacionales e internacionales que respondan al riesgo nuclear, al cambio clim\u00e1tico y a las tecnolog\u00edas disruptivas.<\/p>\n\n\n\n<p>El debut del reloj en 1947 se debe a la artista&nbsp;Martyl&nbsp;Suzanne&nbsp;Schweig&nbsp;Landsdorf, quien ide\u00f3 su dise\u00f1o para la portada del \u00f3rgano de difusi\u00f3n hom\u00f3nimo del Bolet\u00edn, para entonces correspondiendo las manecillas a 7 minutos antes de la medianoche, sirviendo como un llamado de atenci\u00f3n ante el peligro nuclear.<\/p>\n\n\n\n<p>Desde entonces, primero de manos del cient\u00edfico Eugene&nbsp;Rabinowitch, para entonces editor del Bolet\u00edn y l\u00edder del movimiento internacional de desarme, y hoy bajo el manejo conjunto de las juntas de Directiva y de Ciencia y Seguridad del Bolet\u00edn, compuesta esta \u00faltima por expertos internacionales en tecnolog\u00eda nuclear y ciencias clim\u00e1ticas, el reloj ha avanzado, tal como lo hiciera en los momentos m\u00e1s \u00e1lgidos de la Guerra Fr\u00eda y recientemente con la amenaza clim\u00e1tica, o retrocedido, alcanzando&nbsp;su punto m\u00e1s distante de la medianoche en 1991, cuando sus manecillas marcaban 17 minutos,&nbsp;reflejando el optimismo marcado por el final de la Guerra Fr\u00eda, la disoluci\u00f3n de la Uni\u00f3n Sovi\u00e9tica, y la firma del Tratado de Reducci\u00f3n de Armas Estrat\u00e9gicas (START I).<\/p>\n\n\n\n<p>Actualmente, el reloj marca 90 segundos para la medianoche, su punto m\u00e1s cr\u00edtico desde su creaci\u00f3n, posici\u00f3n que alcanz\u00f3 en 2023 en gran parte debido a la guerra en Ucrania. Esta situaci\u00f3n ha planteado serias interrogantes sobre la interacci\u00f3n entre los estados y la erosi\u00f3n de las normas de conducta en el \u00e1mbito internacional, sirviendo su posici\u00f3n como un recordatorio del creciente riesgo de una cat\u00e1strofe global e instando a la humanidad a tomar acciones decisivas para&nbsp;desescalar&nbsp;tensiones y promover la paz y la seguridad internacional.<\/p>\n\n\n\n<p>Como lo describieran Robert J. Elder y J. C.&nbsp;Gabel&nbsp;en su libro&nbsp;<em>The<\/em><em>&nbsp;<\/em><em>Doomsday<\/em><em>&nbsp;<\/em><em>Clock<\/em><em>&nbsp;at 75<\/em>,&nbsp;el Reloj \u201ces muchas cosas a la vez: es una met\u00e1fora, es un logotipo, es una marca y es uno de los s\u00edmbolos m\u00e1s reconocibles de los \u00faltimos 100 a\u00f1os\u201d,&nbsp;pero&nbsp;m\u00e1s a\u00fan, es un s\u00edmbolo parad\u00f3jico de peligro y esperanza, y un llamado a la acci\u00f3n a favor de nuestra responsabilidad hacia el pr\u00f3jimo.<\/p>\n","protected":false},"excerpt":{"rendered":"<p>Por Juan Esp\u00f3sito Rodr\u00edguez El&nbsp;Doomsday&nbsp;Clock&nbsp;(denominado en espa\u00f1ol como el Reloj del Juicio Final, del Apocalipsis o del Final del Mundo) es ampliamente reconocido en los c\u00edrculos de las relaciones internacionales y la ciencia como la insignia universal que advierte sobre las probabilidades de una cat\u00e1strofe global causada por la humanidad. Sus ra\u00edces se remontan al&nbsp;Bolet\u00edn [&hellip;]<\/p>\n","protected":false},"author":1,"featured_media":0,"comment_status":"open","ping_status":"open","sticky":false,"template":"","format":"standard","meta":{"footnotes":""},"categories":[32,33,34],"tags":[405,408,407],"class_list":{"0":"post-1587","1":"post","2":"type-post","3":"status-publish","4":"format-standard","6":"category-actualidad","7":"category-opinion","8":"category-politica","9":"tag-diplomacia","10":"tag-doomsday-clock","11":"tag-opinion"},"_links":{"self":[{"href":"https:\/\/elpueblo.com.do\/api-json\/wp\/v2\/posts\/1587","targetHints":{"allow":["GET"]}}],"collection":[{"href":"https:\/\/elpueblo.com.do\/api-json\/wp\/v2\/posts"}],"about":[{"href":"https:\/\/elpueblo.com.do\/api-json\/wp\/v2\/types\/post"}],"author":[{"embeddable":true,"href":"https:\/\/elpueblo.com.do\/api-json\/wp\/v2\/users\/1"}],"replies":[{"embeddable":true,"href":"https:\/\/elpueblo.com.do\/api-json\/wp\/v2\/comments?post=1587"}],"version-history":[{"count":0,"href":"https:\/\/elpueblo.com.do\/api-json\/wp\/v2\/posts\/1587\/revisions"}],"wp:attachment":[{"href":"https:\/\/elpueblo.com.do\/api-json\/wp\/v2\/media?parent=1587"}],"wp:term":[{"taxonomy":"category","embeddable":true,"href":"https:\/\/elpueblo.com.do\/api-json\/wp\/v2\/categories?post=1587"},{"taxonomy":"post_tag","embeddable":true,"href":"https:\/\/elpueblo.com.do\/api-json\/wp\/v2\/tags?post=1587"}],"curies":[{"name":"wp","href":"https:\/\/api.w.org\/{rel}","templated":true}]}}