{"id":1583,"date":"2024-05-30T16:02:56","date_gmt":"2024-05-30T20:02:56","guid":{"rendered":"https:\/\/elpueblo.com.do\/?p=1583"},"modified":"2024-05-30T16:02:58","modified_gmt":"2024-05-30T20:02:58","slug":"avanzada-democratica-moderna-una-revelacion-oportuna-del-pasado-proceso-electoral","status":"publish","type":"post","link":"https:\/\/elpueblo.com.do\/actualidad\/avanzada-democratica-moderna-una-revelacion-oportuna-del-pasado-proceso-electoral\/1583\/","title":{"rendered":"Avanzada Democr\u00e1tica Moderna una revelaci\u00f3n oportuna del pasado proceso electoral"},"content":{"rendered":"\n<p>Las campa\u00f1as pol\u00edticas que se desarrollan en nuestros pa\u00edses, resultan ser escuelas que forjan con efectividad la conciencia pol\u00edtica y capacidad de gesti\u00f3n operativa de aquellos que asumen con enfoque y determinaci\u00f3n las tareas propias del proceso.<\/p>\n\n\n\n<p>Durante a\u00f1os hemos visto desfilar una gran n\u00famero de pol\u00edticos, dirigentes, cuadros y figuras, cuya dedicaci\u00f3n y entrega le hace ganar un espacio en la sociedad pol\u00edtica local.<\/p>\n\n\n\n<p>Justo es resaltar una gran cantidad de movimientos de apoyo que a lo largo de los a\u00f1os, surgen de cara a los procesos. En la gran mayor\u00eda de los casos esos movimientos solo tienen vigencia en el certamen m\u00e1s pr\u00f3ximo a su creaci\u00f3n.<\/p>\n\n\n\n<p>En el pasado reciente, no fue diferente, pues, pudimos ver muchos movimientos de apoyo buscando trillar un espacio dentro del controvertido ambiente de la carrera por el poder.<\/p>\n\n\n\n<p>Dentro de los diversos equipos que salieron a posicionarse, vale destacar el gran trabajo desplegado y la gran articulaci\u00f3n que pudo presentar el Movimiento <em>Avanzada Democr\u00e1tica Moderna<\/em> liderado por el ingeniero <em>Miguel Camacho<\/em> un experimentado dirigente que milit\u00f3 en el antiguo PRD y luego se convirti\u00f3 en fundador del gobernante PRM. Con una gran formacion como cuadro pol\u00edtico el coordinador y presidente de Avanzada Democr\u00e1tica Moderna, junto a su equipo, conformaron estructuras en toda la geograf\u00eda nacional y adem\u00e1s presentando credenciales en la mayor\u00eda de las actividades del presidente Lu\u00eds Abinader.<\/p>\n\n\n\n<p>Con una ofensiva moderada y alejada de la ostentaci\u00f3n, pudo, impactar de forma positiva en todos los escenarios donde se apostaba por la continuidad del cambio.<\/p>\n\n\n\n<p>Evidentemente que <em>Avanzada Democr\u00e1tica Moderna<\/em> demostr\u00f3 que bajo la direcci\u00f3n de <em>Miguel Camacho<\/em> hay una fuerza intra partidaria que apuesta por lo mejor de la pol\u00edtica encabezada por <em>Lu\u00eds Abinader<\/em> y su proyecto de poder. Estamos frente a una verdadera revelaci\u00f3n pol\u00edtica que promete seguir aportando a la consolidaci\u00f3n del cambio en el presente y futuro del pa\u00eds.<\/p>\n","protected":false},"excerpt":{"rendered":"<p>Las campa\u00f1as pol\u00edticas que se desarrollan en nuestros pa\u00edses, resultan ser escuelas que forjan con efectividad la conciencia pol\u00edtica y capacidad de gesti\u00f3n operativa de aquellos que asumen con enfoque y determinaci\u00f3n las tareas propias del proceso. Durante a\u00f1os hemos visto desfilar una gran n\u00famero de pol\u00edticos, dirigentes, cuadros y figuras, cuya dedicaci\u00f3n y entrega [&hellip;]<\/p>\n","protected":false},"author":1,"featured_media":0,"comment_status":"open","ping_status":"open","sticky":false,"template":"","format":"standard","meta":{"footnotes":""},"categories":[32,34],"tags":[390,255,103],"class_list":{"0":"post-1583","1":"post","2":"type-post","3":"status-publish","4":"format-standard","6":"category-actualidad","7":"category-politica","8":"tag-avanzada-democratica-moderna","9":"tag-luis-abinader","10":"tag-prm"},"_links":{"self":[{"href":"https:\/\/elpueblo.com.do\/api-json\/wp\/v2\/posts\/1583","targetHints":{"allow":["GET"]}}],"collection":[{"href":"https:\/\/elpueblo.com.do\/api-json\/wp\/v2\/posts"}],"about":[{"href":"https:\/\/elpueblo.com.do\/api-json\/wp\/v2\/types\/post"}],"author":[{"embeddable":true,"href":"https:\/\/elpueblo.com.do\/api-json\/wp\/v2\/users\/1"}],"replies":[{"embeddable":true,"href":"https:\/\/elpueblo.com.do\/api-json\/wp\/v2\/comments?post=1583"}],"version-history":[{"count":0,"href":"https:\/\/elpueblo.com.do\/api-json\/wp\/v2\/posts\/1583\/revisions"}],"wp:attachment":[{"href":"https:\/\/elpueblo.com.do\/api-json\/wp\/v2\/media?parent=1583"}],"wp:term":[{"taxonomy":"category","embeddable":true,"href":"https:\/\/elpueblo.com.do\/api-json\/wp\/v2\/categories?post=1583"},{"taxonomy":"post_tag","embeddable":true,"href":"https:\/\/elpueblo.com.do\/api-json\/wp\/v2\/tags?post=1583"}],"curies":[{"name":"wp","href":"https:\/\/api.w.org\/{rel}","templated":true}]}}