{"id":1573,"date":"2024-05-27T22:22:35","date_gmt":"2024-05-28T02:22:35","guid":{"rendered":"https:\/\/elpueblo.com.do\/?p=1573"},"modified":"2024-05-27T22:22:38","modified_gmt":"2024-05-28T02:22:38","slug":"roberto-fulcar-recomienda-posponer-proselitismo-a-destiempo-en-el-prm-y-ayudar-a-abinader-a-construir-su-legado","status":"publish","type":"post","link":"https:\/\/elpueblo.com.do\/actualidad\/roberto-fulcar-recomienda-posponer-proselitismo-a-destiempo-en-el-prm-y-ayudar-a-abinader-a-construir-su-legado\/1573\/","title":{"rendered":"Roberto Fulcar recomienda posponer proselitismo a destiempo en el PRM y ayudar a Abinader a construir su legado"},"content":{"rendered":"\n<p>El Presidente de la comisi\u00f3n de estrategia del PRM<br>pide sensatez y prudencia en leg\u00edtimas aspiraciones<\/p>\n\n\n\n<p>Santo Domingo. A trav\u00e9s de un comunicado colgado en sus redes sociales, el doctor Roberto Fulcar, Presidente de la Comisi\u00f3n Nacional de Estrategia del Partido Revolucionario Moderno y qui\u00e9n fuera el Jefe de Campa\u00f1a de la primera gran victoria del PRM en el 2020, hizo un llamado a sus compa\u00f1eros de partido que aspiran a suceder al presidente Luis Abinader en el 2028 y que desde antes de celebrarse las elecciones del pasado 19 de mayo, ya se est\u00e1n promoviendo como candidatos presidenciales.<\/p>\n\n\n\n<p>En su escrito, Fulcar destaca que apenas han trascurrido seis d\u00edas desde las elecciones presidenciales y congresuales y ni siquiera se han recogido las vallas, los afiches, los desechos s\u00f3lidos dejados en los entornos de los centros de votaci\u00f3n, que las Juntas Electorales Municipales a\u00fan revisan votos nulos y el Tribunal Superior Electoral est\u00e1 conociendo requerimientos y que todav\u00eda no ha terminado mayo y al cuatrienio gubernamental a\u00fan le faltan meses de ejecuci\u00f3n y ya hay varios compa\u00f1eros que abiertamente est\u00e1n promoviendo sus aspiraciones presidenciales.<\/p>\n\n\n\n<p>En su planteamiento, Fulcar cuestion\u00f3 si esa postura les sumar\u00eda o restar\u00eda respeto ciudadano al PRM, argumentando adem\u00e1s que el comportamiento de todos los perremeistas debe estar a la altura de esa oportunidad y ese reconocimiento expresado en votos el pasado somingo, y les inst\u00f3 a que no vuelvan a pedirle al generoso pueblo m\u00e1s apoyo y atenci\u00f3n electoral, a escasos seis d\u00edas de transcurridas las elecciones.<\/p>\n\n\n\n<p>\u00abNo derrochemos la confianza que \u00e9l ha depositado en nuestro partido, en nuestros candidatos, y muy especialmente en el compa\u00f1ero presidente Luis Abinader, timonel de la causa del cambio\u00bb, expresa Fulcar refiri\u00e9ndose al pueblo dominicano.<\/p>\n\n\n\n<p>Manifest\u00f3 adem\u00e1s que hasta la militancia necesita un justo descanso luego de haber cumplido su responsabilidad, ganando en sus territorios en dos elecciones con distancia de apenas tres meses.<\/p>\n\n\n\n<p>Y pidi\u00f3 a sus compa\u00f1eros dirigentes que tienen leg\u00edtimas aspiraciones, dejar que en la paz de los hogares se disfrute, celebre y conmemore sin proselitismo pol\u00edtico el sagrado D\u00eda de las Madres este domingo, que transcurra entre homenajes el D\u00eda de la Raza Inmortal, en junio; el D\u00eda de los Padres, en julio; el Aniversario de la Guerra Restauradora, en agosto; el d\u00eda de nuestra Se\u00f1ora de las Mercedes, en septiembre; que acompa\u00f1en a la mujer dominicana en la conmemoraci\u00f3n mundial del D\u00eda de la No Violencia Contra la Mujer, en noviembre; y que en diciembre, celebremos la Navidad en familia, entre amigos, sin caravanas, altisonantes bocinas, encuestas de posicionamiento, juramentaciones y dem\u00e1s.<\/p>\n\n\n\n<p>Cita Fulcar que el pueblo dominicano no merece menos que eso, \u00c9l nos ha otorgado el poder y tambi\u00e9n puede arrepentirse si nuestro comportamiento no se sienta a la altura. Cuando se expresan los pueblos no es legal, moral ni inteligente contradecirlos.&nbsp;<\/p>\n\n\n\n<p>Y pidi\u00f3 que se le d\u00e9 a la sociedad, incluyendo a las bases del partido, un merecido descanso, y que, llegado el momento, se inicie la competencia por la candidatura presidencial en el PRM, entre compa\u00f1eros y amigos, con un adecuado protocolo y en igualdad de condiciones para todos los competidores.<\/p>\n","protected":false},"excerpt":{"rendered":"<p>El Presidente de la comisi\u00f3n de estrategia del PRMpide sensatez y prudencia en leg\u00edtimas aspiraciones Santo Domingo. A trav\u00e9s de un comunicado colgado en sus redes sociales, el doctor Roberto Fulcar, Presidente de la Comisi\u00f3n Nacional de Estrategia del Partido Revolucionario Moderno y qui\u00e9n fuera el Jefe de Campa\u00f1a de la primera gran victoria del [&hellip;]<\/p>\n","protected":false},"author":1,"featured_media":1574,"comment_status":"open","ping_status":"open","sticky":false,"template":"","format":"standard","meta":{"footnotes":""},"categories":[32,34],"tags":[255,103,400,399],"class_list":{"0":"post-1573","1":"post","2":"type-post","3":"status-publish","4":"format-standard","5":"has-post-thumbnail","7":"category-actualidad","8":"category-politica","9":"tag-luis-abinader","10":"tag-prm","11":"tag-prudencia","12":"tag-roberto-fulcar"},"_links":{"self":[{"href":"https:\/\/elpueblo.com.do\/api-json\/wp\/v2\/posts\/1573","targetHints":{"allow":["GET"]}}],"collection":[{"href":"https:\/\/elpueblo.com.do\/api-json\/wp\/v2\/posts"}],"about":[{"href":"https:\/\/elpueblo.com.do\/api-json\/wp\/v2\/types\/post"}],"author":[{"embeddable":true,"href":"https:\/\/elpueblo.com.do\/api-json\/wp\/v2\/users\/1"}],"replies":[{"embeddable":true,"href":"https:\/\/elpueblo.com.do\/api-json\/wp\/v2\/comments?post=1573"}],"version-history":[{"count":0,"href":"https:\/\/elpueblo.com.do\/api-json\/wp\/v2\/posts\/1573\/revisions"}],"wp:featuredmedia":[{"embeddable":true,"href":"https:\/\/elpueblo.com.do\/api-json\/wp\/v2\/media\/1574"}],"wp:attachment":[{"href":"https:\/\/elpueblo.com.do\/api-json\/wp\/v2\/media?parent=1573"}],"wp:term":[{"taxonomy":"category","embeddable":true,"href":"https:\/\/elpueblo.com.do\/api-json\/wp\/v2\/categories?post=1573"},{"taxonomy":"post_tag","embeddable":true,"href":"https:\/\/elpueblo.com.do\/api-json\/wp\/v2\/tags?post=1573"}],"curies":[{"name":"wp","href":"https:\/\/api.w.org\/{rel}","templated":true}]}}