{"id":1565,"date":"2024-01-21T20:29:50","date_gmt":"2024-01-22T00:29:50","guid":{"rendered":"https:\/\/elpueblo.com.do\/?p=1565"},"modified":"2024-01-21T22:15:38","modified_gmt":"2024-01-22T02:15:38","slug":"victor-atallah-enfocado-en-el-corazon-de-la-salud-dominicana","status":"publish","type":"post","link":"https:\/\/elpueblo.com.do\/actualidad\/victor-atallah-enfocado-en-el-corazon-de-la-salud-dominicana\/1565\/","title":{"rendered":"V\u00edctor Atallah enfocado en el coraz\u00f3n de la salud Dominicana"},"content":{"rendered":"\n<p>A tan solo d\u00edas del anuncio de la presidencia de la Rep\u00fablica en torno a la designaci\u00f3n de un muevo ministro de salud p\u00fablica y asistencia social. Muchas son las expectativas de una sociedad que percibe ante la nueva designaci\u00f3n en salud. Una oportunidad real de comenzar a sentar las bases del desarrollo sostenible en materia de salud.<\/p>\n\n\n\n<p>A juzgar por los comentarios que abundan en los medios de comunicaci\u00f3n tradicionales y digitales, el presidente no pudo haber tomado mejor decisi\u00f3n luego de la salida del ex ministro Daniel Rivera quien se dedicar\u00e1 a su campa\u00f1a como senador.<\/p>\n\n\n\n<p>El Dr V\u00edctor Atallah es un especialista cardiologo muy connotado en todo lo relacionado al coraz\u00f3n y sus vinculantes. Un hombre afable, humilde y exageradamente servicial, cuyas obras sociales mantiene en el anonimato, dado su vocaci\u00f3n altruista. Quien ha puesto el nombre de este pueblo y su familia en alto a trav\u00e9s de su carrera.<\/p>\n\n\n\n<p>Ahora toca la tarea puntual de tomar la presi\u00f3n al sistema de salud, hacerle su ecocardiograma, su respectiva prueba de esfuerzo y estar listo para realizar el cateterismo necesario para que nuestro sistema sanitario pueda enrrumbarse se forma sostenible a una nueva era en todo lo relativo a la salud.<\/p>\n\n\n\n<p>Sabemos los que le conocemos, de su firmeza de convicciones y la determinaci\u00f3n qu\u00e9 junto a su capacidad de armonizar intereses le permitir\u00e1 sentarse oportunamente con los actores del sistema para dar a este pueblo el tan anhelado resultado de una salud en buen estado para servir a los m\u00e1s necesitados y dar respuestas contundentes a las necesidades propias de esta importante \u00e1rea de una sociedad.<\/p>\n\n\n\n<p>En el Dr. Atallah se conjuga la preparaci\u00f3n, con la disposici\u00f3n y la entrega con la gerencia. Es casi seguro que al transcurrir esta gesti\u00f3n del ministerio de salud, tendremos resultados de un paciente sistemico que ha encontrado atenci\u00f3n y los.elementos pertinentes para ir sanando poco a poco la salud que tanto necesita Rep\u00fablica Dominicana.<\/p>\n","protected":false},"excerpt":{"rendered":"<p>A tan solo d\u00edas del anuncio de la presidencia de la Rep\u00fablica en torno a la designaci\u00f3n de un muevo ministro de salud p\u00fablica y asistencia social. Muchas son las expectativas de una sociedad que percibe ante la nueva designaci\u00f3n en salud. Una oportunidad real de comenzar a sentar las bases del desarrollo sostenible en [&hellip;]<\/p>\n","protected":false},"author":5,"featured_media":1566,"comment_status":"open","ping_status":"open","sticky":false,"template":"","format":"standard","meta":{"footnotes":""},"categories":[32,34,37],"tags":[398,246],"class_list":{"0":"post-1565","1":"post","2":"type-post","3":"status-publish","4":"format-standard","5":"has-post-thumbnail","7":"category-actualidad","8":"category-politica","9":"category-salud","10":"tag-salud-publica","11":"tag-victor-atallah"},"_links":{"self":[{"href":"https:\/\/elpueblo.com.do\/api-json\/wp\/v2\/posts\/1565","targetHints":{"allow":["GET"]}}],"collection":[{"href":"https:\/\/elpueblo.com.do\/api-json\/wp\/v2\/posts"}],"about":[{"href":"https:\/\/elpueblo.com.do\/api-json\/wp\/v2\/types\/post"}],"author":[{"embeddable":true,"href":"https:\/\/elpueblo.com.do\/api-json\/wp\/v2\/users\/5"}],"replies":[{"embeddable":true,"href":"https:\/\/elpueblo.com.do\/api-json\/wp\/v2\/comments?post=1565"}],"version-history":[{"count":0,"href":"https:\/\/elpueblo.com.do\/api-json\/wp\/v2\/posts\/1565\/revisions"}],"wp:featuredmedia":[{"embeddable":true,"href":"https:\/\/elpueblo.com.do\/api-json\/wp\/v2\/media\/1566"}],"wp:attachment":[{"href":"https:\/\/elpueblo.com.do\/api-json\/wp\/v2\/media?parent=1565"}],"wp:term":[{"taxonomy":"category","embeddable":true,"href":"https:\/\/elpueblo.com.do\/api-json\/wp\/v2\/categories?post=1565"},{"taxonomy":"post_tag","embeddable":true,"href":"https:\/\/elpueblo.com.do\/api-json\/wp\/v2\/tags?post=1565"}],"curies":[{"name":"wp","href":"https:\/\/api.w.org\/{rel}","templated":true}]}}