{"id":1558,"date":"2023-10-06T19:08:43","date_gmt":"2023-10-06T23:08:43","guid":{"rendered":"https:\/\/elpueblo.com.do\/?p=1558"},"modified":"2023-10-06T19:08:45","modified_gmt":"2023-10-06T23:08:45","slug":"carolina-mejia-prm-y-reeleccion","status":"publish","type":"post","link":"https:\/\/elpueblo.com.do\/actualidad\/carolina-mejia-prm-y-reeleccion\/1558\/","title":{"rendered":"Carolina Mej\u00eda, PRM y Reelecci\u00f3n"},"content":{"rendered":"\n<p>Los procesos electorales de las \u00faltimas d\u00e9cadas, han dejado una serie de ense\u00f1anzas para todo el colectivo pol\u00edtico en nuestra Rep\u00fablica Dominicana. Muchas son las expectativas creadas por un n\u00famero importante de aspirantes que luego se convierten en ganadores y a su paso, tienen la oportunidad de satisfacer o no, las mismas.<\/p>\n\n\n\n<p>Podemos establecer que la sociedad cambia y muestra signos de mejor\u00eda, en materias de gesti\u00f3n, a pesar de algunos ejemplos, poco satisfactorios. Tomando en cuenta las grandes limitaciones socio econ\u00f3micas, en las que asumen los incumbentes.<\/p>\n\n\n\n<p>A juzgar por los hechos debemos aseverar que la muestra incontrovertible de capacidad gerencia, firmeza y dedicaci\u00f3n a la responsabilidad puesta en sus manos, Carolina Mej\u00eda alcaldesa del DN. Ha pasado con notas sobresalientes. La tarea de administrar la ciudad m\u00e1s importante del pa\u00eds y una de las m\u00e1s importantes del nuevo mundo. Saneando con gran presteza las finanzas de la alcald\u00eda, mostrando una revoluci\u00f3n en la recuperaci\u00f3n de espacios p\u00fablicos, integrando con habilidad el sector privado en el apoyo a estas iniciativas de una administraci\u00f3n que ha ganado la confianza de sus municipes.<\/p>\n\n\n\n<p>Ahora el reto que presenta la coyuntura, en la persona de esta mujer de condiciones m\u00e1s que demostradas, es la disyuntiva de su decisi\u00f3n manifiesta de no re postularse a esa posici\u00f3n o la necesidad de su partido y el calor de una ciudad que pide 4 a\u00f1os m\u00e1s de Carolina Mej\u00eda al frente de la alcald\u00eda de la primada de am\u00e9rica.<\/p>\n\n\n\n<p>Carolina Mej\u00eda la tambi\u00e9n secretaria general del PRM, de linaje presidencial, de personalidad cercana y que se identifica con el dolor de los dem\u00e1s. Est\u00e1 ante el la realidad de seguir sus deseos de no continuar o de SACRIFICARSE, 4 a\u00f1os m\u00e1s por su partido, por la gente y por su ciudad.<\/p>\n\n\n\n<p>Carolina Mej\u00eda con su liderazgo afable, pero, firme, su don de gente y vocaci\u00f3n de servicio, creemos que har\u00e1 lo que la presente coyuntura le pide, seguir dirigiendo la Capital por buen camino y consolidando junto al PRM y Luis Abinader la \u00e9poca dorada de El Cambio prometido para toda la gente que merece de sus mejores hombres y mujeres.<\/p>\n\n\n\n<p>El futuro es promisorio y ya veremos un ejemplo m\u00e1s de una mujer dispuesta a decir presente como hasta ahora, cuando la patria, su partido y el pa\u00eds le requiere.<\/p>\n","protected":false},"excerpt":{"rendered":"<p>Los procesos electorales de las \u00faltimas d\u00e9cadas, han dejado una serie de ense\u00f1anzas para todo el colectivo pol\u00edtico en nuestra Rep\u00fablica Dominicana. Muchas son las expectativas creadas por un n\u00famero importante de aspirantes que luego se convierten en ganadores y a su paso, tienen la oportunidad de satisfacer o no, las mismas. Podemos establecer que [&hellip;]<\/p>\n","protected":false},"author":5,"featured_media":1426,"comment_status":"open","ping_status":"open","sticky":false,"template":"","format":"standard","meta":{"footnotes":""},"categories":[32,33,34],"tags":[302,270,255,103,395],"class_list":{"0":"post-1558","1":"post","2":"type-post","3":"status-publish","4":"format-standard","5":"has-post-thumbnail","7":"category-actualidad","8":"category-opinion","9":"category-politica","10":"tag-adn","11":"tag-carolina-mejia-2","12":"tag-luis-abinader","13":"tag-prm","14":"tag-reeleccion"},"_links":{"self":[{"href":"https:\/\/elpueblo.com.do\/api-json\/wp\/v2\/posts\/1558","targetHints":{"allow":["GET"]}}],"collection":[{"href":"https:\/\/elpueblo.com.do\/api-json\/wp\/v2\/posts"}],"about":[{"href":"https:\/\/elpueblo.com.do\/api-json\/wp\/v2\/types\/post"}],"author":[{"embeddable":true,"href":"https:\/\/elpueblo.com.do\/api-json\/wp\/v2\/users\/5"}],"replies":[{"embeddable":true,"href":"https:\/\/elpueblo.com.do\/api-json\/wp\/v2\/comments?post=1558"}],"version-history":[{"count":0,"href":"https:\/\/elpueblo.com.do\/api-json\/wp\/v2\/posts\/1558\/revisions"}],"wp:featuredmedia":[{"embeddable":true,"href":"https:\/\/elpueblo.com.do\/api-json\/wp\/v2\/media\/1426"}],"wp:attachment":[{"href":"https:\/\/elpueblo.com.do\/api-json\/wp\/v2\/media?parent=1558"}],"wp:term":[{"taxonomy":"category","embeddable":true,"href":"https:\/\/elpueblo.com.do\/api-json\/wp\/v2\/categories?post=1558"},{"taxonomy":"post_tag","embeddable":true,"href":"https:\/\/elpueblo.com.do\/api-json\/wp\/v2\/tags?post=1558"}],"curies":[{"name":"wp","href":"https:\/\/api.w.org\/{rel}","templated":true}]}}