{"id":1553,"date":"2023-09-11T21:02:07","date_gmt":"2023-09-12T01:02:07","guid":{"rendered":"https:\/\/elpueblo.com.do\/?p=1553"},"modified":"2023-09-11T21:02:10","modified_gmt":"2023-09-12T01:02:10","slug":"movimiento-politico-mas-cambio-anuncia-agenda-de-actividades-en-favor-de-la-reeleccion-del-presidente-luis-abinader","status":"publish","type":"post","link":"https:\/\/elpueblo.com.do\/actualidad\/movimiento-politico-mas-cambio-anuncia-agenda-de-actividades-en-favor-de-la-reeleccion-del-presidente-luis-abinader\/1553\/","title":{"rendered":"Movimiento Pol\u00edtico M\u00e1s Cambio  anuncia agenda de actividades en favor de la reelecci\u00f3n del presidente Luis Abinader"},"content":{"rendered":"\n<p> Santo Domingo.- El Movimiento Pol\u00edtico M\u00e1s Cambio anunci\u00f3 que desde ya se lanzar\u00e1 a las calles a trabajar por la repostulaci\u00f3n a un nuevo periodo del presidente Luis Abinader, con amplia agenda de trabajo, que cubrir\u00e1 todo el territorio nacional.<\/p>\n\n\n\n<p>El Movimiento, que encabezan Dar\u00edo Cede\u00f1o, como coordinador y Freddy Fern\u00e1ndez, como director ejecutivo adelant\u00f3 que desarrollar\u00e1n una agenda para estar permanentemente en contacto con los diversos estamentos de la sociedad. <\/p>\n\n\n\n<p>Durante un encuentro con la prensa el coordinador, Dar\u00edo Cede\u00f1o , explic\u00f3 que M\u00e1s Cambio demostrar\u00e1 su fortaleza apoyando todas y cada una de las actividades del presidente Abinader en la campa\u00f1a.<\/p>\n\n\n\n<p>Dijo que este movimiento pol\u00edtico naci\u00f3 adulto, porque tiene presencia en las 32 dos provincias de la naci\u00f3n.<\/p>\n\n\n\n<p>Mientras que , Freddy Fern\u00e1ndez,  proclam\u00f3 que la reelecci\u00f3n del presidente Abinader es un hecho, porque cuenta con el respaldo de todo el pueblo.<\/p>\n\n\n\n<p>El director ejecutivo de M\u00e1s Cambio, manifest\u00f3 que el gobernante se ha ganado el respaldo del pueblo, por su sensibilidad, humildad honestidad y entrega. Entre las actividades que desarrollar\u00e1 M\u00e1s Cambio est\u00e1n una serie de concentraciones y contactos directos puerta a puerta con las comunidades. <\/p>\n\n\n\n<p> Fern\u00e1ndez estim\u00f3 que el presidente Abinader para continuar con su inmensa obra de gobierno, necesita m\u00e1s tiempo en el poder.<\/p>\n\n\n\n<p>\u00abEl Primer objetivo de M\u00e1s Cambio es la reelecci\u00f3n del presidente Abinader, porque el pa\u00eds lo necesita para mantener la estrategia de desarrollo que ha delineado\u00bb, proclam\u00f3 Freddy Fern\u00e1ndez. <\/p>\n\n\n\n<p>Por su lado, Dar\u00edo Cede\u00f1o destac\u00f3 que cualquier partido pol\u00edtico quisiera tener la m\u00edstica y capacidad de trabajo de M\u00e1s Cambio.<\/p>\n\n\n\n<p>El coordinador de M\u00e1s Cambio anuncio que el pr\u00f3ximo d\u00eda 23 efectuar\u00e1n un Pleno Nacional de dirigentes, para trazar las l\u00edneas generales del trabajo que desplegar\u00e1n a favor de la reelecci\u00f3n del presidente Luis Abinader <\/p>\n\n\n\n<p>\u00abVamos a trabajar para que el presidente Luis Abinader tenga cuatro a\u00f1os m\u00e1s de trabajo a favor del pueblo\u00bb, resalt\u00f3 Cede\u00f1o.<\/p>\n\n\n\n<p>Gabriel Sosa, coordinador M\u00e1s Cambio Joven; Leyva Bautista, coordinadora M\u00e1s Cambio Mujer tambi\u00e9n hablaron en la actividad.<\/p>\n","protected":false},"excerpt":{"rendered":"<p>Santo Domingo.- El Movimiento Pol\u00edtico M\u00e1s Cambio anunci\u00f3 que desde ya se lanzar\u00e1 a las calles a trabajar por la repostulaci\u00f3n a un nuevo periodo del presidente Luis Abinader, con amplia agenda de trabajo, que cubrir\u00e1 todo el territorio nacional. El Movimiento, que encabezan Dar\u00edo Cede\u00f1o, como coordinador y Freddy Fern\u00e1ndez, como director ejecutivo adelant\u00f3 [&hellip;]<\/p>\n","protected":false},"author":1,"featured_media":1555,"comment_status":"open","ping_status":"open","sticky":false,"template":"","format":"standard","meta":{"footnotes":""},"categories":[32,34],"tags":[327,397,255,396,395],"class_list":{"0":"post-1553","1":"post","2":"type-post","3":"status-publish","4":"format-standard","5":"has-post-thumbnail","7":"category-actualidad","8":"category-politica","9":"tag-327","10":"tag-fredy-fernandez","11":"tag-luis-abinader","12":"tag-mas-cambio","13":"tag-reeleccion"},"_links":{"self":[{"href":"https:\/\/elpueblo.com.do\/api-json\/wp\/v2\/posts\/1553","targetHints":{"allow":["GET"]}}],"collection":[{"href":"https:\/\/elpueblo.com.do\/api-json\/wp\/v2\/posts"}],"about":[{"href":"https:\/\/elpueblo.com.do\/api-json\/wp\/v2\/types\/post"}],"author":[{"embeddable":true,"href":"https:\/\/elpueblo.com.do\/api-json\/wp\/v2\/users\/1"}],"replies":[{"embeddable":true,"href":"https:\/\/elpueblo.com.do\/api-json\/wp\/v2\/comments?post=1553"}],"version-history":[{"count":0,"href":"https:\/\/elpueblo.com.do\/api-json\/wp\/v2\/posts\/1553\/revisions"}],"wp:featuredmedia":[{"embeddable":true,"href":"https:\/\/elpueblo.com.do\/api-json\/wp\/v2\/media\/1555"}],"wp:attachment":[{"href":"https:\/\/elpueblo.com.do\/api-json\/wp\/v2\/media?parent=1553"}],"wp:term":[{"taxonomy":"category","embeddable":true,"href":"https:\/\/elpueblo.com.do\/api-json\/wp\/v2\/categories?post=1553"},{"taxonomy":"post_tag","embeddable":true,"href":"https:\/\/elpueblo.com.do\/api-json\/wp\/v2\/tags?post=1553"}],"curies":[{"name":"wp","href":"https:\/\/api.w.org\/{rel}","templated":true}]}}