{"id":1550,"date":"2023-07-27T11:02:23","date_gmt":"2023-07-27T15:02:23","guid":{"rendered":"https:\/\/elpueblo.com.do\/?p=1550"},"modified":"2023-07-27T11:02:25","modified_gmt":"2023-07-27T15:02:25","slug":"socrates-mendez-socratin-sorpresa-en-el-tablero-politico-de-independencia","status":"publish","type":"post","link":"https:\/\/elpueblo.com.do\/actualidad\/socrates-mendez-socratin-sorpresa-en-el-tablero-politico-de-independencia\/1550\/","title":{"rendered":"Socrates Mendez (Socratin),  sorpresa en el tablero pol\u00edtico de Independencia"},"content":{"rendered":"\n<p>En el transcurrir de la vida, podemos observar la evoluci\u00f3n de las sociedades y con ella la realidad incontrovertible de hombres y mujeres, cuyo esp\u00edritu de lucha y determinaci\u00f3n le hace marcar la diferencia a su paso por la existencia.<\/p>\n\n\n\n<p>En la provincia Independencia, localidad de ciudadanos valiosos, a pesar de estar rodeados de una importante manifestaci\u00f3n de pobreza y carencias de los m\u00e1s elementales recursos para subsistir. Se puede hablar de hombres y mujeres que han marcado su generaci\u00f3n y con ello se convierten en referente obligados a la hora de resaltar una vida de principios y valores \u00e9ticos y morales que distinguen a los seres humanos.<\/p>\n\n\n\n<p>Tal es el caso de un municipe, oriundo del municipio de la Descubierta, una comunidad que ha dado de sus entra\u00f1as una cantera invaluable de dominicanos destacados, nos referimos al empresario y hombre solidario de nombre Socrates Mendez (Socratin) de conocida trayectoria en la provincia y regi\u00f3n, de aportes importantes al desarrollo de su provincia y que ha decidido asumir la carrera pol\u00edtica como puente para consolidar la hoja de servicios a su pa\u00eds y muy especial a su querida provincia Independencia.<\/p>\n\n\n\n<p>El avance vertiginoso de este hombre de vocaci\u00f3n de servicios y sensibilidad social, le han hecho merecedor del apoyo de sectores importantes que hoy lo asumen como la GRAN REVELACI\u00d3N pol\u00edtica de Independencia, donde muchos creyeron imposible, labrarse camino en una actidad tan dif\u00edcil como la pol\u00edtica.  Al punto de que ya es casi un secreto a voces de que este ciudadano emprendedor que ha logrado revertir obst\u00e1culos en prop\u00f3sitos hasta llegar a marcar con su esfuerzo las p\u00e1ginas hermosas de una historia provinciana que merece de todos sus conciudadanos lo.mejor de s\u00ed para con tes\u00f3n poder decir que no se trata de que municipio seamos, ni de qu\u00e9 paraje, en fin, lo ideal es confluir de que con nuestras diferencias y particularidades  INDEPENDENCIA SOMOS TODOS<\/p>\n","protected":false},"excerpt":{"rendered":"<p>En el transcurrir de la vida, podemos observar la evoluci\u00f3n de las sociedades y con ella la realidad incontrovertible de hombres y mujeres, cuyo esp\u00edritu de lucha y determinaci\u00f3n le hace marcar la diferencia a su paso por la existencia. En la provincia Independencia, localidad de ciudadanos valiosos, a pesar de estar rodeados de una [&hellip;]<\/p>\n","protected":false},"author":1,"featured_media":1551,"comment_status":"open","ping_status":"open","sticky":false,"template":"","format":"standard","meta":{"footnotes":""},"categories":[32,33,34],"tags":[392,393,103,281,394],"class_list":{"0":"post-1550","1":"post","2":"type-post","3":"status-publish","4":"format-standard","5":"has-post-thumbnail","7":"category-actualidad","8":"category-opinion","9":"category-politica","10":"tag-independencia","11":"tag-jimani","12":"tag-prm","13":"tag-senado","14":"tag-socrates-mendez"},"_links":{"self":[{"href":"https:\/\/elpueblo.com.do\/api-json\/wp\/v2\/posts\/1550","targetHints":{"allow":["GET"]}}],"collection":[{"href":"https:\/\/elpueblo.com.do\/api-json\/wp\/v2\/posts"}],"about":[{"href":"https:\/\/elpueblo.com.do\/api-json\/wp\/v2\/types\/post"}],"author":[{"embeddable":true,"href":"https:\/\/elpueblo.com.do\/api-json\/wp\/v2\/users\/1"}],"replies":[{"embeddable":true,"href":"https:\/\/elpueblo.com.do\/api-json\/wp\/v2\/comments?post=1550"}],"version-history":[{"count":0,"href":"https:\/\/elpueblo.com.do\/api-json\/wp\/v2\/posts\/1550\/revisions"}],"wp:featuredmedia":[{"embeddable":true,"href":"https:\/\/elpueblo.com.do\/api-json\/wp\/v2\/media\/1551"}],"wp:attachment":[{"href":"https:\/\/elpueblo.com.do\/api-json\/wp\/v2\/media?parent=1550"}],"wp:term":[{"taxonomy":"category","embeddable":true,"href":"https:\/\/elpueblo.com.do\/api-json\/wp\/v2\/categories?post=1550"},{"taxonomy":"post_tag","embeddable":true,"href":"https:\/\/elpueblo.com.do\/api-json\/wp\/v2\/tags?post=1550"}],"curies":[{"name":"wp","href":"https:\/\/api.w.org\/{rel}","templated":true}]}}