{"id":1543,"date":"2023-04-20T18:28:19","date_gmt":"2023-04-20T22:28:19","guid":{"rendered":"https:\/\/elpueblo.com.do\/?p=1543"},"modified":"2023-04-20T18:36:53","modified_gmt":"2023-04-20T22:36:53","slug":"se-rumora-alberto-atallah-inicia-consultas-con-miras-a-la-alcaldia-del-distrito-nacional","status":"publish","type":"post","link":"https:\/\/elpueblo.com.do\/actualidad\/se-rumora-alberto-atallah-inicia-consultas-con-miras-a-la-alcaldia-del-distrito-nacional\/1543\/","title":{"rendered":"Se rumora Alberto Atallah inicia consultas con miras a la alcald\u00eda del Distrito Nacional"},"content":{"rendered":"\n<p>Santo Domingo, Distrito Nacional-. Fuertes rumores apuntan que el alto dirigente del Partido Revolucionario Moderno (PRM) Alberto Atallah, inici\u00f3 una ruta de consultas con miras a una posible aspiraci\u00f3n por la nominaci\u00f3n de su partido a la alcald\u00eda del Distrito Nacional.<\/p>\n\n\n\n<p>Trascendi\u00f3 que Atallah, quien es miembro de la Direcci\u00f3n Ejecutiva del partido oficialista, y en la pasada contienda electoral se desempe\u00f1\u00f3 como coordinador del presidente en esa demarcaci\u00f3n, se habr\u00eda reunido al menos 18 regidores de la capital pertenecientes a su partido, a los que les comunic\u00f3 su disposici\u00f3n de sustituir a la actual incumbente y compa\u00f1era de partido, Carolina Mej\u00eda, en caso de que ella decida no ir por la repostulacion .<\/p>\n\n\n\n<p>El nombre del exministro administrativo, superintendente de bancos y diputado de la capital, figura en un sinn\u00famero de sondeos que a la saz\u00f3n realizan entidades pol\u00edticas y empresariales para determinar las simpat\u00edas de la que gozan los dirigentes pol\u00edticos de marca reconocida, como es el caso de Alberto Atallah.<\/p>\n\n\n\n<p>Seg\u00fan fuentes de entero cr\u00e9dito, la reuni\u00f3n se llev\u00f3 a cabo en horas de la tarde en un restaurante del centro de esta capital y resalt\u00f3 la presencia de Jos\u00e9 Caraballo, presidente del Consejo, as\u00ed como Elias Reynoso y V\u00edctor Ogando, antiguos presidentes de la entidad edilicia, as\u00ed como, F\u00e9lix Perdomo, Yovany Moya, Sandra Grull\u00f3n, entre otros.<\/p>\n\n\n\n<p>Se destaca que el dirigente y funcionario del PRM Tony Pe\u00f1a Guaba afirm\u00f3 que en el oficial\u00edsmo nadie quiere la candidatura a alcalde del DN; a sabiendas de que la actual alcaldesa no se repostular\u00e1, sin embargo, todo apunta que Albeto Atallah, estar\u00eda dispuesto a trabajar para retener esa importante plaza.<\/p>\n","protected":false},"excerpt":{"rendered":"<p>Santo Domingo, Distrito Nacional-. Fuertes rumores apuntan que el alto dirigente del Partido Revolucionario Moderno (PRM) Alberto Atallah, inici\u00f3 una ruta de consultas con miras a una posible aspiraci\u00f3n por la nominaci\u00f3n de su partido a la alcald\u00eda del Distrito Nacional. Trascendi\u00f3 que Atallah, quien es miembro de la Direcci\u00f3n Ejecutiva del partido oficialista, y [&hellip;]<\/p>\n","protected":false},"author":1,"featured_media":1546,"comment_status":"open","ping_status":"open","sticky":false,"template":"","format":"standard","meta":{"footnotes":""},"categories":[32,34],"tags":[327,391,324,103],"class_list":{"0":"post-1543","1":"post","2":"type-post","3":"status-publish","4":"format-standard","5":"has-post-thumbnail","7":"category-actualidad","8":"category-politica","9":"tag-327","10":"tag-alberto-atallah","11":"tag-alcaldia-del-distrito-nacional","12":"tag-prm"},"_links":{"self":[{"href":"https:\/\/elpueblo.com.do\/api-json\/wp\/v2\/posts\/1543","targetHints":{"allow":["GET"]}}],"collection":[{"href":"https:\/\/elpueblo.com.do\/api-json\/wp\/v2\/posts"}],"about":[{"href":"https:\/\/elpueblo.com.do\/api-json\/wp\/v2\/types\/post"}],"author":[{"embeddable":true,"href":"https:\/\/elpueblo.com.do\/api-json\/wp\/v2\/users\/1"}],"replies":[{"embeddable":true,"href":"https:\/\/elpueblo.com.do\/api-json\/wp\/v2\/comments?post=1543"}],"version-history":[{"count":0,"href":"https:\/\/elpueblo.com.do\/api-json\/wp\/v2\/posts\/1543\/revisions"}],"wp:featuredmedia":[{"embeddable":true,"href":"https:\/\/elpueblo.com.do\/api-json\/wp\/v2\/media\/1546"}],"wp:attachment":[{"href":"https:\/\/elpueblo.com.do\/api-json\/wp\/v2\/media?parent=1543"}],"wp:term":[{"taxonomy":"category","embeddable":true,"href":"https:\/\/elpueblo.com.do\/api-json\/wp\/v2\/categories?post=1543"},{"taxonomy":"post_tag","embeddable":true,"href":"https:\/\/elpueblo.com.do\/api-json\/wp\/v2\/tags?post=1543"}],"curies":[{"name":"wp","href":"https:\/\/api.w.org\/{rel}","templated":true}]}}