{"id":1541,"date":"2023-04-19T15:24:29","date_gmt":"2023-04-19T19:24:29","guid":{"rendered":"https:\/\/elpueblo.com.do\/?p=1541"},"modified":"2023-04-19T15:24:32","modified_gmt":"2023-04-19T19:24:32","slug":"movimiento-avanzada-democratica-moderna-realiza-exitoso-recorrido-en-san-jose-de-ocoa","status":"publish","type":"post","link":"https:\/\/elpueblo.com.do\/actualidad\/movimiento-avanzada-democratica-moderna-realiza-exitoso-recorrido-en-san-jose-de-ocoa\/1541\/","title":{"rendered":"Movimiento Avanzada Democr\u00e1tica Moderna realiza exitoso recorrido en  San Jos\u00e9 de Ocoa"},"content":{"rendered":"\n<p>El Movimiento Avanzada Democr\u00e1tica Moderna encabezado por el dirigente pol\u00edtico del Partido Revolucionario Moderno (PRM), Miguel Camacho realiz\u00f3 una jornada exitosa de visitas y juramentaciones de nuevos coordinadores en la provincia San Jos\u00e9 de Ocoa.<\/p>\n\n\n\n<p>El recorrido abarc\u00f3 las comunidades Rancho Arriba, Sabana Larga y el centro del San Jos\u00e9 de Ocoa, en el mismo Camacho ponder\u00f3 los trabajos que est\u00e1 realizando el Presidente Luis Abinader en esas localidades que van desde el arreglo de la Carretera que atraviesa la Cordillera Central, el Acueducto para abastecer de agua potable a todos los moradores y zonas aleda\u00f1as, acondicionamiento de instalaciones deportivas, techados para escuelas del nivel primario y secundario, tambien la eficientizaci\u00f3n de las asistencias sociales.<\/p>\n\n\n\n<p>\u00abEste movimiento est\u00e1 caminado el pa\u00eds completo, buscando primero los compa\u00f1eros y escuch\u00e1ndolos, motivandolos a fortalecer el partido y vender las obras del gobierno, estamos creando un compromiso y apoyo, donde le solicitamos al Presidente Abinader que debe continuar en el poder en el 2024\u00bb dijo Miguel Camacho.<\/p>\n\n\n\n<p>En cuanto a la encuesta publicada por Gallup donde la simpat\u00eda hacia Luis Abinader y el PRM est\u00e1 bien valorada para primera o una segunda vuelta, manifest\u00f3 que debe de llamar a la reflexi\u00f3n por varios aspectos, citando dos, uno es \u00e9l no confiarse y seguir trabajando porque en las elecciones ning\u00fan voto sobra, y el otro es que actuar con prudencia y humildad desde las posiciones que se ocupen porque la gente est\u00e1 pendiente, y la realidad es ir sumando d\u00eda a d\u00eda.<\/p>\n\n\n\n<p>En cada encuentro el gestor pol\u00edtico fue recibido por autoridades como alcaldes y regidores actuales, ex autoridades locales, aspirantes a diferentes cargos electivos, dirigentes pol\u00edticos y comerciantes agr\u00edcolas quienes se juramentaron y pasaron a ser coordinadores en sus comunidades de este movimiento que tiene como objetivo fortalecer la institucionalidad partidaria en su primera etapa, y luego integrar otros sectores en apoyo a la continuidad del mandatario Luis Abinader.<\/p>\n\n\n\n<p>La comitiva que acompa\u00f1\u00f3 al Coordinador Nacional del Movimiento Miguel Camacho fueron Huascar Casado, Dra. Heyda Joaquien, Franklin Rodriguez, Am\u00e9rica P\u00e9rez, Alcalde Rancho Arriba Alcedo De Los Santos  Bethoven Sanchez, Isidro Roque, Tony Lluberes, Wilkin Mari\u00f1ez, Fernando Castillo, Jos\u00e9 Gonzalez. Ademas de Gior Soto, Angel S\u00e1nchez, Gary Pujols Alcalde de la Comunidad El Pinar, entre otros.<\/p>\n","protected":false},"excerpt":{"rendered":"<p>El Movimiento Avanzada Democr\u00e1tica Moderna encabezado por el dirigente pol\u00edtico del Partido Revolucionario Moderno (PRM), Miguel Camacho realiz\u00f3 una jornada exitosa de visitas y juramentaciones de nuevos coordinadores en la provincia San Jos\u00e9 de Ocoa. El recorrido abarc\u00f3 las comunidades Rancho Arriba, Sabana Larga y el centro del San Jos\u00e9 de Ocoa, en el mismo [&hellip;]<\/p>\n","protected":false},"author":1,"featured_media":0,"comment_status":"open","ping_status":"open","sticky":false,"template":"","format":"standard","meta":{"footnotes":""},"categories":[32,34],"tags":[390,255,388,103],"class_list":{"0":"post-1541","1":"post","2":"type-post","3":"status-publish","4":"format-standard","6":"category-actualidad","7":"category-politica","8":"tag-avanzada-democratica-moderna","9":"tag-luis-abinader","10":"tag-miguel-camacho","11":"tag-prm"},"_links":{"self":[{"href":"https:\/\/elpueblo.com.do\/api-json\/wp\/v2\/posts\/1541","targetHints":{"allow":["GET"]}}],"collection":[{"href":"https:\/\/elpueblo.com.do\/api-json\/wp\/v2\/posts"}],"about":[{"href":"https:\/\/elpueblo.com.do\/api-json\/wp\/v2\/types\/post"}],"author":[{"embeddable":true,"href":"https:\/\/elpueblo.com.do\/api-json\/wp\/v2\/users\/1"}],"replies":[{"embeddable":true,"href":"https:\/\/elpueblo.com.do\/api-json\/wp\/v2\/comments?post=1541"}],"version-history":[{"count":0,"href":"https:\/\/elpueblo.com.do\/api-json\/wp\/v2\/posts\/1541\/revisions"}],"wp:attachment":[{"href":"https:\/\/elpueblo.com.do\/api-json\/wp\/v2\/media?parent=1541"}],"wp:term":[{"taxonomy":"category","embeddable":true,"href":"https:\/\/elpueblo.com.do\/api-json\/wp\/v2\/categories?post=1541"},{"taxonomy":"post_tag","embeddable":true,"href":"https:\/\/elpueblo.com.do\/api-json\/wp\/v2\/tags?post=1541"}],"curies":[{"name":"wp","href":"https:\/\/api.w.org\/{rel}","templated":true}]}}