{"id":1537,"date":"2023-01-22T17:35:19","date_gmt":"2023-01-22T21:35:19","guid":{"rendered":"https:\/\/elpueblo.com.do\/?p=1537"},"modified":"2023-01-22T17:35:22","modified_gmt":"2023-01-22T21:35:22","slug":"miguel-camacho-electo-presidente-federacion-de-taekwondo","status":"publish","type":"post","link":"https:\/\/elpueblo.com.do\/actualidad\/miguel-camacho-electo-presidente-federacion-de-taekwondo\/1537\/","title":{"rendered":"Miguel Camacho electo presidente Federaci\u00f3n de Taekwondo"},"content":{"rendered":"\n<p>Santo Domingo.\u2013 El reputado t\u00e9cnico nacional de la Federaci\u00f3n Dominicana de Taekwondo (Fedotae), Miguel Camacho, fue elegido de manera un\u00e1nime presidente de la entidad para el per\u00edodo 2003-2027, en la asamblea eleccionaria celebrada este domingo en el pabell\u00f3n de ese deporte en el Centro Ol\u00edmpico Juan Pablo Duarte.  De inmediato, el nuevo comit\u00e9 ejecutivo de la Federaci\u00f3n de Taekwondo fue juramentado por Pedro Julio Quezada, quien presidi\u00f3 la comisi\u00f3n electoral, que completaron Rogelio Ram\u00edrez y Lesther Thomas. M\u00e1s de 25 asociaciones ejercieron su derecho al voto.  Se vivi\u00f3 un momento muy emotivo cuando por la v\u00eda de la plataforma Zoom, el ministro de Deportes, Francisco Camacho, felicit\u00f3 entre l\u00e1grimas a los nuevos directivos que componen la Federaci\u00f3n Dominicana de Taekwondo y les exhort\u00f3 a seguir y avanzar con los proyectos en carpeta, adem\u00e1s de asegurarles de que cuenten con su apoyo para el desarrollo de los mismos. <\/p>\n\n\n\n<p>Francisco Camacho presidi\u00f3 la Federaci\u00f3n Dominicana de Taekwondo durante varios a\u00f1os.  Previo a la asamblea eleccionaria, se llev\u00f3 a cabo la asamblea ordinaria de la federaci\u00f3n donde se aprobaron los informes del presidente, del financiero y el programa calendario de 2023.  <\/p>\n\n\n\n<p>Acompa\u00f1ar\u00e1n a Miguel Camacho en el nuevo comit\u00e9 ejecutivo, Jorge Amauris Guerrero, primer vicepresidente; Rafael Leocadio Grull\u00f3n, segundo vicepresidente; \u00d3scar Maldonado, secretario general; co-secretario, Jos\u00e9 Ram\u00f3n Paulino, y tesorera, Rosa Amalia Almonte.  Asimismo, Franklin Oner Palmeiro, co-tesorero; secretario de relaciones p\u00fablicas, Arqu\u00edmedes de Jes\u00fas Zorrilla; actas y correspondencia, Arelis Brito; primer vocal; Manuel Emilio Ferreira, y segundo vocal, Roberto Amarante.   <\/p>\n\n\n\n<p>El nuevo titular de la Federaci\u00f3n Dominicana de Taekwondo, Miguel Camacho, proclam\u00f3 que la unidad continuar\u00e1 como \u201cportaestandarte\u201d de la instituci\u00f3n, al tiempo que dar\u00e1n cumplimiento al programa de trabajo para todo este 2023 y los a\u00f1os subsiguientes, siempre contando con el apoyo de la familia nacional de esa disciplina, que ha aportado al pa\u00eds dos medallas ol\u00edmpicas.  Asimismo, dijo que ser\u00e1 prioridad para este ejecutivo trabajar para que se construya \u201cLa Casa del Taekwondo\u201d, \u201cya que somos una federaci\u00f3n medallista ol\u00edmpica, no los merecemos, al igual que otros deportes que son medallistas ol\u00edmpicos\u201d.  <\/p>\n\n\n\n<p>Manifest\u00f3 que lleg\u00f3 la hora de que la Federaci\u00f3n de Taekwondo tenga su casa propia.  \u201cNadie nos puede regatear ese derecho y los que tienen la decisi\u00f3n en sus manos est\u00e1n de acuerdo con que eso se materialice\u201d, expuso Miguel Camacho, al tiempo de recibir un estruendoso aplauso de los asociados.  Agreg\u00f3 que, \u201cvamos a darle continuidad a todas las tareas que tiene por delante nuestra federaci\u00f3n, al tiempo que seremos un ente de equilibrio y un libro abierto para trabajar de la mano con todas nuestras asociaciones y as\u00ed mantener nuestro deporte en la c\u00faspide, tanto nacional como internacionalmente\u201d.  <\/p>\n\n\n\n<p>El doctor Neftal\u00ed Santana fue el notario p\u00fablico de la asamblea eleccionaria.  <\/p>\n\n\n\n<p>Se recuerda que, en diciembre pasado, la Federaci\u00f3n Dominicana de Taekwondo (Fedotae), en un festivo ambiente de camarader\u00eda, fij\u00f3 para el d\u00eda 22 de enero de 2023 la celebraci\u00f3n de su asamblea eleccionaria.  <\/p>\n","protected":false},"excerpt":{"rendered":"<p>Santo Domingo.\u2013 El reputado t\u00e9cnico nacional de la Federaci\u00f3n Dominicana de Taekwondo (Fedotae), Miguel Camacho, fue elegido de manera un\u00e1nime presidente de la entidad para el per\u00edodo 2003-2027, en la asamblea eleccionaria celebrada este domingo en el pabell\u00f3n de ese deporte en el Centro Ol\u00edmpico Juan Pablo Duarte. De inmediato, el nuevo comit\u00e9 ejecutivo de [&hellip;]<\/p>\n","protected":false},"author":1,"featured_media":1538,"comment_status":"open","ping_status":"open","sticky":false,"template":"","format":"standard","meta":{"footnotes":""},"categories":[32,34],"tags":[387,389,388],"class_list":{"0":"post-1537","1":"post","2":"type-post","3":"status-publish","4":"format-standard","5":"has-post-thumbnail","7":"category-actualidad","8":"category-politica","9":"tag-deporte","10":"tag-federacion-dominicana-de-taekwondo","11":"tag-miguel-camacho"},"_links":{"self":[{"href":"https:\/\/elpueblo.com.do\/api-json\/wp\/v2\/posts\/1537","targetHints":{"allow":["GET"]}}],"collection":[{"href":"https:\/\/elpueblo.com.do\/api-json\/wp\/v2\/posts"}],"about":[{"href":"https:\/\/elpueblo.com.do\/api-json\/wp\/v2\/types\/post"}],"author":[{"embeddable":true,"href":"https:\/\/elpueblo.com.do\/api-json\/wp\/v2\/users\/1"}],"replies":[{"embeddable":true,"href":"https:\/\/elpueblo.com.do\/api-json\/wp\/v2\/comments?post=1537"}],"version-history":[{"count":0,"href":"https:\/\/elpueblo.com.do\/api-json\/wp\/v2\/posts\/1537\/revisions"}],"wp:featuredmedia":[{"embeddable":true,"href":"https:\/\/elpueblo.com.do\/api-json\/wp\/v2\/media\/1538"}],"wp:attachment":[{"href":"https:\/\/elpueblo.com.do\/api-json\/wp\/v2\/media?parent=1537"}],"wp:term":[{"taxonomy":"category","embeddable":true,"href":"https:\/\/elpueblo.com.do\/api-json\/wp\/v2\/categories?post=1537"},{"taxonomy":"post_tag","embeddable":true,"href":"https:\/\/elpueblo.com.do\/api-json\/wp\/v2\/tags?post=1537"}],"curies":[{"name":"wp","href":"https:\/\/api.w.org\/{rel}","templated":true}]}}