{"id":1529,"date":"2022-09-15T21:41:08","date_gmt":"2022-09-16T01:41:08","guid":{"rendered":"https:\/\/elpueblo.com.do\/?p=1529"},"modified":"2022-09-15T21:41:10","modified_gmt":"2022-09-16T01:41:10","slug":"reunion-entre-el-consul-general-de-la-republica-dominicana-en-genova-y-el-magnifico-rector-de-la-universidad-de-los-estudios-de-genova-prof-federico-delfino","status":"publish","type":"post","link":"https:\/\/elpueblo.com.do\/actualidad\/reunion-entre-el-consul-general-de-la-republica-dominicana-en-genova-y-el-magnifico-rector-de-la-universidad-de-los-estudios-de-genova-prof-federico-delfino\/1529\/","title":{"rendered":"Reuni\u00f3n entre el C\u00f3nsul General de la Rep\u00fablica Dominicana en G\u00e9nova y el Magn\u00edfico Rector de la Universidad de los Estudios de G\u00e9nova, Prof. Federico Delfino."},"content":{"rendered":"\n<p>Como parte de la gesti\u00f3n que lleva adelante la representaci\u00f3n diplom\u00e1tica dominicana en G\u00e9nova, se llev\u00f3 a cabo una reuni\u00f3n de acercamiento con las autoridades acad\u00e9micas de la Universidad de G\u00e9nova.<\/p>\n\n\n\n<p>Como parte inicial del encuentro e<strong>l C\u00f3nsul Nels\u00f3n Carela,<\/strong>\u00a0expuso los importantes aspectos trascendentales que unen dos pa\u00edses hermanos como lo son Italia y Rep\u00fablica Dominicana, en particular haciendo hincapi\u00e9 en la influencia hist\u00f3rica que mantienen los ciudadanos italianos en el pa\u00eds caribe\u00f1o.<\/p>\n\n\n\n<p>Como parte medular de la reuni\u00f3n se present\u00f3 a la Universidad de G\u00e9nova una serie de propuestas con la finalidad de beneficiar a todos los dominicanos.<\/p>\n\n\n\n<p>Por su parte la Universidad de G\u00e9nova, en la persona del\u00a0<strong>Rector Federico Delfino,<\/strong>\u00a0se comprometi\u00f3 a dar continuidad y \u00a0materializar las propuestas hechas por parte del consulado dominicano, formando una comisi\u00f3n para la realizaci\u00f3n de dichos proyectos encabezada del Vice rector de la prestigiosa instituci\u00f3n.<\/p>\n\n\n\n<p>El Consulado de la Rep\u00fablica Dominicana en G\u00e9nova, en la persona del C\u00f3nsul General Lic. Nels\u00f3n Carela continuar\u00e1 trabajando con el objetivo de fortalecer las relaciones bilaterales con las instituciones y autoridades locales en beneficio de todos los dominicanos.<\/p>\n","protected":false},"excerpt":{"rendered":"<p>Como parte de la gesti\u00f3n que lleva adelante la representaci\u00f3n diplom\u00e1tica dominicana en G\u00e9nova, se llev\u00f3 a cabo una reuni\u00f3n de acercamiento con las autoridades acad\u00e9micas de la Universidad de G\u00e9nova. Como parte inicial del encuentro el C\u00f3nsul Nels\u00f3n Carela,\u00a0expuso los importantes aspectos trascendentales que unen dos pa\u00edses hermanos como lo son Italia y Rep\u00fablica [&hellip;]<\/p>\n","protected":false},"author":1,"featured_media":1531,"comment_status":"open","ping_status":"open","sticky":false,"template":"","format":"standard","meta":{"footnotes":""},"categories":[32,34],"tags":[385],"class_list":{"0":"post-1529","1":"post","2":"type-post","3":"status-publish","4":"format-standard","5":"has-post-thumbnail","7":"category-actualidad","8":"category-politica","9":"tag-consulado-dominicano-en-genova"},"_links":{"self":[{"href":"https:\/\/elpueblo.com.do\/api-json\/wp\/v2\/posts\/1529","targetHints":{"allow":["GET"]}}],"collection":[{"href":"https:\/\/elpueblo.com.do\/api-json\/wp\/v2\/posts"}],"about":[{"href":"https:\/\/elpueblo.com.do\/api-json\/wp\/v2\/types\/post"}],"author":[{"embeddable":true,"href":"https:\/\/elpueblo.com.do\/api-json\/wp\/v2\/users\/1"}],"replies":[{"embeddable":true,"href":"https:\/\/elpueblo.com.do\/api-json\/wp\/v2\/comments?post=1529"}],"version-history":[{"count":0,"href":"https:\/\/elpueblo.com.do\/api-json\/wp\/v2\/posts\/1529\/revisions"}],"wp:featuredmedia":[{"embeddable":true,"href":"https:\/\/elpueblo.com.do\/api-json\/wp\/v2\/media\/1531"}],"wp:attachment":[{"href":"https:\/\/elpueblo.com.do\/api-json\/wp\/v2\/media?parent=1529"}],"wp:term":[{"taxonomy":"category","embeddable":true,"href":"https:\/\/elpueblo.com.do\/api-json\/wp\/v2\/categories?post=1529"},{"taxonomy":"post_tag","embeddable":true,"href":"https:\/\/elpueblo.com.do\/api-json\/wp\/v2\/tags?post=1529"}],"curies":[{"name":"wp","href":"https:\/\/api.w.org\/{rel}","templated":true}]}}