{"id":1525,"date":"2022-09-13T16:00:50","date_gmt":"2022-09-13T20:00:50","guid":{"rendered":"https:\/\/elpueblo.com.do\/?p=1525"},"modified":"2022-09-13T16:00:52","modified_gmt":"2022-09-13T20:00:52","slug":"el-alcalde-paolo-truzzu-se-reunio-con-el-consul-general-de-la-republica-dominicana-en-genova-nelson-carela-en-el-palacio-civico","status":"publish","type":"post","link":"https:\/\/elpueblo.com.do\/actualidad\/el-alcalde-paolo-truzzu-se-reunio-con-el-consul-general-de-la-republica-dominicana-en-genova-nelson-carela-en-el-palacio-civico\/1525\/","title":{"rendered":"El Alcalde Paolo Truzzu se reuni\u00f3 con el C\u00f3nsul General de la Rep\u00fablica Dominicana en G\u00e9nova, Nels\u00f3n Carela en el Palacio C\u00edvico."},"content":{"rendered":"\n<p>El primer ciudadano de Cagliari,\u00a0<strong><em>Paolo Truzzu\u00a0<\/em><\/strong>,recibi\u00f3 en una cita oficial, al C\u00f3nsul general de la Rep\u00fablica Dominicana en G\u00e9nova,\u00a0<strong><em>Nels\u00f3n Carela Luna<\/em><\/strong>, la visita forma parte del programa que el C\u00f3nsul Carela, viene realizando desde hace alg\u00fan tiempo para reunirse con los administradores locales de todo el pa\u00eds y promover el turismo y las inversiones en Rep\u00fablica Dominicana.<\/p>\n\n\n\n<p>El diplom\u00e1tico subray\u00f3 la necesidad de continuar un proceso de relanzamiento de los servicios consulares a nivel nacional y le propuso al alcalde Truzzu un protocolo para activar los servicios consulares de Rep\u00fablica Dominicana, ambos concordaron en que la isla caribe\u00f1a tiene muchas similitudes, tambi\u00e9n en la ciudad de Cagliari.<\/p>\n","protected":false},"excerpt":{"rendered":"<p>El primer ciudadano de Cagliari,\u00a0Paolo Truzzu\u00a0,recibi\u00f3 en una cita oficial, al C\u00f3nsul general de la Rep\u00fablica Dominicana en G\u00e9nova,\u00a0Nels\u00f3n Carela Luna, la visita forma parte del programa que el C\u00f3nsul Carela, viene realizando desde hace alg\u00fan tiempo para reunirse con los administradores locales de todo el pa\u00eds y promover el turismo y las inversiones en [&hellip;]<\/p>\n","protected":false},"author":1,"featured_media":1527,"comment_status":"open","ping_status":"open","sticky":false,"template":"","format":"standard","meta":{"footnotes":""},"categories":[32,34],"tags":[385,384],"class_list":{"0":"post-1525","1":"post","2":"type-post","3":"status-publish","4":"format-standard","5":"has-post-thumbnail","7":"category-actualidad","8":"category-politica","9":"tag-consulado-dominicano-en-genova","10":"tag-nelson-carela"},"_links":{"self":[{"href":"https:\/\/elpueblo.com.do\/api-json\/wp\/v2\/posts\/1525","targetHints":{"allow":["GET"]}}],"collection":[{"href":"https:\/\/elpueblo.com.do\/api-json\/wp\/v2\/posts"}],"about":[{"href":"https:\/\/elpueblo.com.do\/api-json\/wp\/v2\/types\/post"}],"author":[{"embeddable":true,"href":"https:\/\/elpueblo.com.do\/api-json\/wp\/v2\/users\/1"}],"replies":[{"embeddable":true,"href":"https:\/\/elpueblo.com.do\/api-json\/wp\/v2\/comments?post=1525"}],"version-history":[{"count":0,"href":"https:\/\/elpueblo.com.do\/api-json\/wp\/v2\/posts\/1525\/revisions"}],"wp:featuredmedia":[{"embeddable":true,"href":"https:\/\/elpueblo.com.do\/api-json\/wp\/v2\/media\/1527"}],"wp:attachment":[{"href":"https:\/\/elpueblo.com.do\/api-json\/wp\/v2\/media?parent=1525"}],"wp:term":[{"taxonomy":"category","embeddable":true,"href":"https:\/\/elpueblo.com.do\/api-json\/wp\/v2\/categories?post=1525"},{"taxonomy":"post_tag","embeddable":true,"href":"https:\/\/elpueblo.com.do\/api-json\/wp\/v2\/tags?post=1525"}],"curies":[{"name":"wp","href":"https:\/\/api.w.org\/{rel}","templated":true}]}}