{"id":1520,"date":"2022-08-21T20:10:56","date_gmt":"2022-08-22T00:10:56","guid":{"rendered":"https:\/\/elpueblo.com.do\/?p=1520"},"modified":"2022-08-21T20:10:58","modified_gmt":"2022-08-22T00:10:58","slug":"senador-ivan-silva-es-operado-de-emergencia","status":"publish","type":"post","link":"https:\/\/elpueblo.com.do\/actualidad\/senador-ivan-silva-es-operado-de-emergencia\/1520\/","title":{"rendered":"Senador Iv\u00e1n Silva es operado de emergencia"},"content":{"rendered":"\n<p>El senador\u00a0Iv\u00e1n Silva\u00a0tuvo que ser operado de urgencia en la noche de ayer viernes afectado de un fuerte dolor de est\u00f3mago.<\/p>\n\n\n\n<p>Silva, senador de la\u00a0provincia La Romana, fue llevado de urgencia a\u00a0la Cl\u00ednica Abel Gonz\u00e1lez\u00a0donde tras ser evaluado se procedi\u00f3 a intervenirlo quir\u00fargicamente de un epipl\u00f3n apendicular necrosado.<\/p>\n\n\n\n<p>Aunque la cirug\u00eda fue de emergencia, los resultados fueron satisfactorios y el senador del\u00a0Partido Revolucionario Moderno se encuentra en estado estable.<\/p>\n","protected":false},"excerpt":{"rendered":"<p>El senador\u00a0Iv\u00e1n Silva\u00a0tuvo que ser operado de urgencia en la noche de ayer viernes afectado de un fuerte dolor de est\u00f3mago. Silva, senador de la\u00a0provincia La Romana, fue llevado de urgencia a\u00a0la Cl\u00ednica Abel Gonz\u00e1lez\u00a0donde tras ser evaluado se procedi\u00f3 a intervenirlo quir\u00fargicamente de un epipl\u00f3n apendicular necrosado. Aunque la cirug\u00eda fue de emergencia, los [&hellip;]<\/p>\n","protected":false},"author":1,"featured_media":0,"comment_status":"open","ping_status":"open","sticky":false,"template":"","format":"standard","meta":{"footnotes":""},"categories":[32,34],"tags":[287,103,267],"class_list":{"0":"post-1520","1":"post","2":"type-post","3":"status-publish","4":"format-standard","6":"category-actualidad","7":"category-politica","8":"tag-ivan-silva-2","9":"tag-prm","10":"tag-senador"},"_links":{"self":[{"href":"https:\/\/elpueblo.com.do\/api-json\/wp\/v2\/posts\/1520","targetHints":{"allow":["GET"]}}],"collection":[{"href":"https:\/\/elpueblo.com.do\/api-json\/wp\/v2\/posts"}],"about":[{"href":"https:\/\/elpueblo.com.do\/api-json\/wp\/v2\/types\/post"}],"author":[{"embeddable":true,"href":"https:\/\/elpueblo.com.do\/api-json\/wp\/v2\/users\/1"}],"replies":[{"embeddable":true,"href":"https:\/\/elpueblo.com.do\/api-json\/wp\/v2\/comments?post=1520"}],"version-history":[{"count":0,"href":"https:\/\/elpueblo.com.do\/api-json\/wp\/v2\/posts\/1520\/revisions"}],"wp:attachment":[{"href":"https:\/\/elpueblo.com.do\/api-json\/wp\/v2\/media?parent=1520"}],"wp:term":[{"taxonomy":"category","embeddable":true,"href":"https:\/\/elpueblo.com.do\/api-json\/wp\/v2\/categories?post=1520"},{"taxonomy":"post_tag","embeddable":true,"href":"https:\/\/elpueblo.com.do\/api-json\/wp\/v2\/tags?post=1520"}],"curies":[{"name":"wp","href":"https:\/\/api.w.org\/{rel}","templated":true}]}}