{"id":1511,"date":"2022-08-04T09:43:23","date_gmt":"2022-08-04T13:43:23","guid":{"rendered":"https:\/\/elpueblo.com.do\/?p=1511"},"modified":"2022-08-04T09:43:25","modified_gmt":"2022-08-04T13:43:25","slug":"daris-sanchez-se-perfila-como-la-proxima-presidenta-del-frente-de-mujeres-del-prm","status":"publish","type":"post","link":"https:\/\/elpueblo.com.do\/actualidad\/daris-sanchez-se-perfila-como-la-proxima-presidenta-del-frente-de-mujeres-del-prm\/1511\/","title":{"rendered":"Daris S\u00e1nchez se perfila como la pr\u00f3xima presidenta del frente de mujeres del PRM"},"content":{"rendered":"\n<p><em>La dirigente pol\u00edtica es la actual directora nacional de protocolo del partido y vicepresidenta del frente de mujeres<\/em><\/p>\n\n\n\n<p>Santo Domingo, Distrito Nacional.- la dirigente pol\u00edtica Daris S\u00e1nchez se perfila como la pr\u00f3xima presidenta del frente de mujeres del Partido Revolucionario Moderno (PRM). Actualmente S\u00e1nchez funge como Directora Nacional de Protocolo de esa organizaci\u00f3n pol\u00edtica y Vicepresidenta Nacional del Frente de Mujeres perreme\u00edstas.<\/p>\n\n\n\n<p>Tras presentar su candidatura al frente de mujeres, <em>de Daris S\u00e1nchez se recoge en el ambiente de las mujeres perreme\u00edstas la gran preferencia hacia por su candidatura<\/em>, a quien se le reconoce como una mujer trabajadora, conciliadora, que fomenta la participaci\u00f3n y la integraci\u00f3n de todos los sectores, la llaman \u201cla candidata de la unidad\u201d.<\/p>\n\n\n\n<p>Daris S\u00e1nchez es oriunda de Puerto Plata, donde preside adem\u00e1s la fundaci\u00f3n para el Desarrollo del Municipio Villa Isabela. Su programa de gobierno para estos pr\u00f3ximos cuatro a\u00f1os al frente de las mujeres del PRM se centra en la capacitaci\u00f3n pol\u00edtica y electoral, el empoderamiento a la mujer perremeista, acompa\u00f1amiento para la participaci\u00f3n Politico-Electoral, fortalecimiento institucional del frente de mujeres y la garant\u00eda de la exigencia del cumplimiento de la disposici\u00f3n legal del 40\/60 en todos los organismos del partido y en lo procesos electorales, garantizando mayor equidad.<\/p>\n\n\n\n<p>Daris S\u00e1nchez, ha iniciado una forma diferente de hacer campa\u00f1a, a trav\u00e9s de talleres de formaci\u00f3n a las mujeres del PRM sobre \u201cel poder de la mujer en la pol\u00edtica\u201d, con lo que desde ya inicia trabajando en su programa de gobierno para relanzar el frente femenino del PRM.<\/p>\n","protected":false},"excerpt":{"rendered":"<p>La dirigente pol\u00edtica es la actual directora nacional de protocolo del partido y vicepresidenta del frente de mujeres Santo Domingo, Distrito Nacional.- la dirigente pol\u00edtica Daris S\u00e1nchez se perfila como la pr\u00f3xima presidenta del frente de mujeres del Partido Revolucionario Moderno (PRM). Actualmente S\u00e1nchez funge como Directora Nacional de Protocolo de esa organizaci\u00f3n pol\u00edtica y [&hellip;]<\/p>\n","protected":false},"author":1,"featured_media":1512,"comment_status":"open","ping_status":"open","sticky":false,"template":"","format":"standard","meta":{"footnotes":""},"categories":[32,34],"tags":[376,377,103],"class_list":{"0":"post-1511","1":"post","2":"type-post","3":"status-publish","4":"format-standard","5":"has-post-thumbnail","7":"category-actualidad","8":"category-politica","9":"tag-daris-sanchez","10":"tag-frente-de-mujeres-prm","11":"tag-prm"},"_links":{"self":[{"href":"https:\/\/elpueblo.com.do\/api-json\/wp\/v2\/posts\/1511","targetHints":{"allow":["GET"]}}],"collection":[{"href":"https:\/\/elpueblo.com.do\/api-json\/wp\/v2\/posts"}],"about":[{"href":"https:\/\/elpueblo.com.do\/api-json\/wp\/v2\/types\/post"}],"author":[{"embeddable":true,"href":"https:\/\/elpueblo.com.do\/api-json\/wp\/v2\/users\/1"}],"replies":[{"embeddable":true,"href":"https:\/\/elpueblo.com.do\/api-json\/wp\/v2\/comments?post=1511"}],"version-history":[{"count":0,"href":"https:\/\/elpueblo.com.do\/api-json\/wp\/v2\/posts\/1511\/revisions"}],"wp:featuredmedia":[{"embeddable":true,"href":"https:\/\/elpueblo.com.do\/api-json\/wp\/v2\/media\/1512"}],"wp:attachment":[{"href":"https:\/\/elpueblo.com.do\/api-json\/wp\/v2\/media?parent=1511"}],"wp:term":[{"taxonomy":"category","embeddable":true,"href":"https:\/\/elpueblo.com.do\/api-json\/wp\/v2\/categories?post=1511"},{"taxonomy":"post_tag","embeddable":true,"href":"https:\/\/elpueblo.com.do\/api-json\/wp\/v2\/tags?post=1511"}],"curies":[{"name":"wp","href":"https:\/\/api.w.org\/{rel}","templated":true}]}}