{"id":1502,"date":"2022-07-14T14:37:28","date_gmt":"2022-07-14T18:37:28","guid":{"rendered":"https:\/\/elpueblo.com.do\/?p=1502"},"modified":"2022-07-14T14:37:30","modified_gmt":"2022-07-14T18:37:30","slug":"academia-de-beisbol-franklin-rodriguez-celebra-su-29vo-torneo-de-verano-dedicado-al-dr-roberto-fulcar","status":"publish","type":"post","link":"https:\/\/elpueblo.com.do\/actualidad\/academia-de-beisbol-franklin-rodriguez-celebra-su-29vo-torneo-de-verano-dedicado-al-dr-roberto-fulcar\/1502\/","title":{"rendered":"Academia de B\u00e9isbol Franklin Rodr\u00edguez celebra su 29vo torneo de verano dedicado al Dr. Roberto Fulcar"},"content":{"rendered":"\n<p>Santo Domingo. La academia de B\u00e9isbol anuncia la celebraci\u00f3n de su XXIX torneo de verano con dedicatoria especial al ministro de educaci\u00f3n, Roberto Fulcar por sus aportes a favor de la ni\u00f1ez y la juventud de la Rep\u00fablica Dominicana, el mismo se desarrollar\u00e1 durante 2 meses en Santo Domingo Oeste y el Distrito Nacional.<\/p>\n\n\n\n<p>El Gerente General de la Academia, dirigente de larga data Franklin Rodr\u00edguez ofreci\u00f3 m\u00e1s detalles de este evento deportivo que reunir\u00e1 a 50 ligas tanto del Distrito Nacional como del municipio Santo Domingo Oeste, con el objetivo de la sana competencia y la recreaci\u00f3n siendo el deporte el motor de la inclusi\u00f3n social.<\/p>\n\n\n\n<p>A\u00f1adi\u00f3 que en la actividad se reconocer\u00e1 al licenciado Edgar Augusto Feliz M\u00e9ndez administrador general de los comedores econ\u00f3micos y los sacerdotes Salesianos \u00c1ngel S\u00e1nchez y Luis Alberto Reyes por su hoja de servicio a la comunidad y el desarrollo social.<\/p>\n\n\n\n<p>En la actividad participaron Miguel Camacho, asesor honor\u00edfico del Ministerio de Deportes y Recreaci\u00f3n, Rafael Garc\u00eda subdirector de la Oficina Metropolitana de Servicios de Autobuses (OMSA), Leandro Mieses, Representante de la Oficina de Desarrollo Provincial, Representantes de la Alcald\u00eda de Santo Domingo Oeste y directores de Ministerio de Deportes y Recreaci\u00f3n.<\/p>\n\n\n\n<p>Dentro de los patrocinadores est\u00e1 la Oficina Metropolitana de Servicios de Autobuses (OMSA), Comedores Econ\u00f3micos, Alcald\u00eda de Santo Domingo Oeste, Gobernaci\u00f3n de la Provincia Santo Domingo, Banco de Reservas, Ministerio de Deportes y Recreaci\u00f3n y la Oficina de Desarrollo Provincial<\/p>\n","protected":false},"excerpt":{"rendered":"<p>Santo Domingo. La academia de B\u00e9isbol anuncia la celebraci\u00f3n de su XXIX torneo de verano con dedicatoria especial al ministro de educaci\u00f3n, Roberto Fulcar por sus aportes a favor de la ni\u00f1ez y la juventud de la Rep\u00fablica Dominicana, el mismo se desarrollar\u00e1 durante 2 meses en Santo Domingo Oeste y el Distrito Nacional. El [&hellip;]<\/p>\n","protected":false},"author":1,"featured_media":1503,"comment_status":"open","ping_status":"open","sticky":false,"template":"","format":"standard","meta":{"footnotes":""},"categories":[32,35,34],"tags":[269],"class_list":{"0":"post-1502","1":"post","2":"type-post","3":"status-publish","4":"format-standard","5":"has-post-thumbnail","7":"category-actualidad","8":"category-deportes","9":"category-politica","10":"tag-ministerio-de-deportes"},"_links":{"self":[{"href":"https:\/\/elpueblo.com.do\/api-json\/wp\/v2\/posts\/1502","targetHints":{"allow":["GET"]}}],"collection":[{"href":"https:\/\/elpueblo.com.do\/api-json\/wp\/v2\/posts"}],"about":[{"href":"https:\/\/elpueblo.com.do\/api-json\/wp\/v2\/types\/post"}],"author":[{"embeddable":true,"href":"https:\/\/elpueblo.com.do\/api-json\/wp\/v2\/users\/1"}],"replies":[{"embeddable":true,"href":"https:\/\/elpueblo.com.do\/api-json\/wp\/v2\/comments?post=1502"}],"version-history":[{"count":0,"href":"https:\/\/elpueblo.com.do\/api-json\/wp\/v2\/posts\/1502\/revisions"}],"wp:featuredmedia":[{"embeddable":true,"href":"https:\/\/elpueblo.com.do\/api-json\/wp\/v2\/media\/1503"}],"wp:attachment":[{"href":"https:\/\/elpueblo.com.do\/api-json\/wp\/v2\/media?parent=1502"}],"wp:term":[{"taxonomy":"category","embeddable":true,"href":"https:\/\/elpueblo.com.do\/api-json\/wp\/v2\/categories?post=1502"},{"taxonomy":"post_tag","embeddable":true,"href":"https:\/\/elpueblo.com.do\/api-json\/wp\/v2\/tags?post=1502"}],"curies":[{"name":"wp","href":"https:\/\/api.w.org\/{rel}","templated":true}]}}