{"id":1496,"date":"2022-07-05T11:54:07","date_gmt":"2022-07-05T15:54:07","guid":{"rendered":"https:\/\/elpueblo.com.do\/?p=1496"},"modified":"2022-07-05T11:54:09","modified_gmt":"2022-07-05T15:54:09","slug":"mas-de-200-juristas-asisten-este-semana-al-iv-seminario-iberoamericano-sobre-abogar-y-juzgar-en-el-siglo-xxi","status":"publish","type":"post","link":"https:\/\/elpueblo.com.do\/actualidad\/mas-de-200-juristas-asisten-este-semana-al-iv-seminario-iberoamericano-sobre-abogar-y-juzgar-en-el-siglo-xxi\/1496\/","title":{"rendered":"M\u00e1s de 200 juristas asisten este semana al IV Seminario Iberoamericano sobre Abogar y Juzgar en el siglo XXI"},"content":{"rendered":"\n<p>La Facultad de Derecho de la ULE re\u00fane a expertos de universidades e instituciones de 13 pa\u00edses iberoamericanos en un programa de conferencias y mesas de debate que se desarrollar\u00e1 desde hoy y hasta el pr\u00f3ximo 6 de julio.\u00a0<\/p>\n\n\n\n<p>M\u00e1s de 200 juristas se re\u00fanen esta semana en la Facultad de Derecho de la Universidad de Le\u00f3n (ULE) con motivo del IV Seminario Iberoamericano. Abogar y juzgar en el siglo XXI\u2019 que se inici\u00f3 la semana pasada en Salamanca y tendr\u00e1 su continuidad en Le\u00f3n hasta el pr\u00f3ximo 6 de julio. El rector de la ULE, Juan Francisco Garc\u00eda Mar\u00edn, ha inaugurado esta ma\u00f1ana el programa durante un acto celebrado en el Sal\u00f3n de Grados de la Facultad, acompa\u00f1ado del decano del centro, Salvador Tarodo, de los codirectores del seminario, Juan Antonio Garc\u00eda Amado y Am\u00f3s Grajales y de la presidenta de la Asociaci\u00f3n de la Magistratura y la Funci\u00f3n Judicial en la provincia de Entre R\u00edos (Argentina), Gabriela L\u00f3pez.<\/p>\n\n\n\n<p>El seminario, que congrega a destacados especialistas juristas de trece pa\u00edses iberoamericanos, se inici\u00f3 el pasado mi\u00e9rcoles en la Universidad de Salamanca bajo el lema \u2018Discrecionalidad judicial, argumentaci\u00f3n y debido proceso\u2019, y ahora culminar\u00e1 su programa en Le\u00f3n. Durante la presentaci\u00f3n de esta ma\u00f1ana, Gabriela L\u00f3pez y Am\u00f3s Grajales (docente en la Universidad de La Plata-Argentina), han coincidido en destacar la importancia de este seminario \u201cpor todo lo que estamos aprendiendo\u201d y han agradecido a la Universidad de Le\u00f3n \u201csu trabajo y dedicaci\u00f3n por hacer posible este encuentro\u201d, una cita que estaba pendiente desde hace dos a\u00f1os a consecuencia de la pandemia por Covid-19. Garc\u00eda Amado, por su parte, se ha referido a las \u201cexcelente conferencias que hemos tenido en Salamanca\u201d y ha agradecido el trabajo a \u201ctodo el equipo que ha hecho posible este evento. Nos esperan unas jornadas intensas y de muchas actividades que espero sean fruct\u00edferas para todos\u201d.<\/p>\n\n\n\n<p>Salvador Tarodo ha se\u00f1alado que es \u201cun orgullo para la Facultad de Derecho poder celebrar aqu\u00ed este seminario\u201d y se ha referido al conocimiento que proporciona el arte al ser humano porque \u201cnuestra conciencia, nuestros pensamientos est\u00e1n tejidos de pasiones, deseos, intereses por eso desde la Facultad hemos querido hacerles un regalo art\u00edstico para que sepan apreciar esa peque\u00f1a introducci\u00f3n art\u00edstica a la argumentaci\u00f3n jur\u00eddica\u201d. Un regalo que se ha entregado a todos los asistentes consistente en un conjunto de cuatro postales con ilustraciones vinculadas al mundo jur\u00eddico realizadas por Graziela Fern\u00e1ndez.<\/p>\n\n\n\n<p>El rector Garc\u00eda Mar\u00edn ha cerrado el acto inaugural dando las gracias a todos los participantes al seminario \u201cpor venir a la Universidad de Le\u00f3n, espero que disfrut\u00e9is de la ciudad y de las jornadas y aqu\u00ed estamos a vuestra disposici\u00f3n para lo que necesit\u00e9is\u201d.<\/p>\n\n\n\n<p>El seminario continuar\u00e1 con su desarrollo de ponencias y mesas redondas el martes 5 y mi\u00e9rcoles 6, que ser\u00e1n complementadas con varias actividades como una visita a la c\u00e1rcel de Masilla de las Mulas, una de las m\u00e1s modernas y mejor calificadas de Espa\u00f1a. Tambi\u00e9n se ha programado una visita a tribunales de Le\u00f3n, con asistencia a juicios y di\u00e1logos con los tribunales, y otra al centro de criminal\u00edstica de la Guardia Civil. Adem\u00e1s, los participantes en estas jornadas tendr\u00e1n ocasi\u00f3n de conocer la ciudad de Astorga y el paraje de Las M\u00e9dulas.<\/p>\n","protected":false},"excerpt":{"rendered":"<p>La Facultad de Derecho de la ULE re\u00fane a expertos de universidades e instituciones de 13 pa\u00edses iberoamericanos en un programa de conferencias y mesas de debate que se desarrollar\u00e1 desde hoy y hasta el pr\u00f3ximo 6 de julio.\u00a0 M\u00e1s de 200 juristas se re\u00fanen esta semana en la Facultad de Derecho de la Universidad [&hellip;]<\/p>\n","protected":false},"author":1,"featured_media":1497,"comment_status":"open","ping_status":"open","sticky":false,"template":"","format":"standard","meta":{"footnotes":""},"categories":[32],"tags":[370,372,371],"class_list":{"0":"post-1496","1":"post","2":"type-post","3":"status-publish","4":"format-standard","5":"has-post-thumbnail","7":"category-actualidad","9":"tag-espana","10":"tag-salamanca"},"_links":{"self":[{"href":"https:\/\/elpueblo.com.do\/api-json\/wp\/v2\/posts\/1496","targetHints":{"allow":["GET"]}}],"collection":[{"href":"https:\/\/elpueblo.com.do\/api-json\/wp\/v2\/posts"}],"about":[{"href":"https:\/\/elpueblo.com.do\/api-json\/wp\/v2\/types\/post"}],"author":[{"embeddable":true,"href":"https:\/\/elpueblo.com.do\/api-json\/wp\/v2\/users\/1"}],"replies":[{"embeddable":true,"href":"https:\/\/elpueblo.com.do\/api-json\/wp\/v2\/comments?post=1496"}],"version-history":[{"count":0,"href":"https:\/\/elpueblo.com.do\/api-json\/wp\/v2\/posts\/1496\/revisions"}],"wp:featuredmedia":[{"embeddable":true,"href":"https:\/\/elpueblo.com.do\/api-json\/wp\/v2\/media\/1497"}],"wp:attachment":[{"href":"https:\/\/elpueblo.com.do\/api-json\/wp\/v2\/media?parent=1496"}],"wp:term":[{"taxonomy":"category","embeddable":true,"href":"https:\/\/elpueblo.com.do\/api-json\/wp\/v2\/categories?post=1496"},{"taxonomy":"post_tag","embeddable":true,"href":"https:\/\/elpueblo.com.do\/api-json\/wp\/v2\/tags?post=1496"}],"curies":[{"name":"wp","href":"https:\/\/api.w.org\/{rel}","templated":true}]}}